{"id":261698,"date":"2023-04-29T01:59:25","date_gmt":"2023-04-29T01:59:25","guid":{"rendered":"https:\/\/www.ecuadortimes.net\/es\/?p=261698"},"modified":"2023-04-29T01:59:25","modified_gmt":"2023-04-29T01:59:25","slug":"daniel-noboa-entre-las-mejores-opciones-para-ser-presidente-de-la-asamblea-del-ecuador","status":"publish","type":"post","link":"https:\/\/www.ecuadortimes.net\/es\/daniel-noboa-entre-las-mejores-opciones-para-ser-presidente-de-la-asamblea-del-ecuador\/","title":{"rendered":"Daniel Noboa entre las mejores opciones para ser Presidente de la Asamblea del Ecuador"},"content":{"rendered":"<div id=\"entry-content-inarticle\" class=\"entry-content\">\n<h3 class=\"noticia__entradilla\">El corre\u00edsmo postular\u00e1 a Marcela Holgu\u00edn como reemplazo de Virgilio Saquicela. Mientras que entre los independientes se habla de Daniel Noboa.<\/h3>\n<div id=\"attachment_261699\" style=\"width: 820px\" class=\"wp-caption alignnone\"><img aria-describedby=\"caption-attachment-261699\" loading=\"lazy\" class=\"size-full wp-image-261699\" src=\"https:\/\/www.ecuadortimes.net\/es\/wp-content\/uploads\/2023\/04\/ecuador-times-ecuador-news-daniel-noboa-among-the-best-options-to-be-president-of-the-assembly-of-ecuador.jpg\" alt=\"\" width=\"810\" height=\"540\" \/><p id=\"caption-attachment-261699\" class=\"wp-caption-text\">Daniel Noboa Azin candidato a presidente de la Asamblea Nacional del Ecuador.<\/p><\/div>\n<p class=\"selectionShareable\">Mientras la Comisi\u00f3n de Fiscalizaci\u00f3n avanza en la redacci\u00f3n del informe sobre el proceso de juicio pol\u00edtico contra el presidente Guillermo Lasso, los asamble\u00edstas se enfocan en las <strong>negociaciones para el relevo de las autoridades<\/strong> de la Asamblea.<\/p>\n<p class=\"selectionShareable\">Este 14 de mayo de 2023 se cumplen <strong>dos a\u00f1os del actual periodo legislativo<\/strong>. Por lo tanto, los legisladores deber\u00e1n decidir si <strong>cambian <\/strong>la presidencia y vicepresidencias de la Asamblea.<\/p>\n<p class=\"selectionShareable\">El actual presidente, Virgilio Saquicela, fue colocado en el cargo por la mayor\u00eda opositora, integrada por Uni\u00f3n por la Esperanza (UNES), el Partido Social Cristiano (PSC) y parte de la Izquierda Democr\u00e1tica (ID) y Pachakutik.<\/p>\n<p class=\"selectionShareable\">Sin embargo, los n\u00fameros de esa mayor\u00eda han ido cambiando durante el tr\u00e1mite del juicio pol\u00edtico y las negociaciones est\u00e1n todav\u00eda lejos de llegar a un acuerdo. Pero <strong>ya se habla de nombres<\/strong> que las bancadas propondr\u00e1n al menos para la presidencia de la asamblea.<\/p>\n<p class=\"selectionShareable\">UNES postular a <strong>Marcela Holgu\u00edn<\/strong>, actual, primera vicepresidenta de la Asamblea. Gisela Garzon asegur\u00f3 qu\u00e9 esa ser\u00e1 su propuesta dado que el corre\u00edsmo tiene la bancada m\u00e1s grande.<\/p>\n<p class=\"selectionShareable\">Mientras que <strong>Daniel Noboa<\/strong>, quien act\u00faa como independiente, sostuvo que los asamble\u00edstas que no est\u00e1n afiliados a las bancadas <a href=\"https:\/\/twitter.com\/DanielNoboaOk\/status\/1651968791964962816?s=20\" target=\"_blank\" rel=\"noreferrer noopener\">apoyar\u00e1n su nombre<\/a>.<\/p>\n<p class=\"selectionShareable\">En la ID, en cambio, se habla de la posibilidad de postular a <strong>Wilma Andrade o a Yese\u00f1a Guaman\u00ed<\/strong>.<\/p>\n<p class=\"selectionShareable\">Las conversaciones se retomar\u00e1n a lo largo de la pr\u00f3xima semana, mientras est\u00e1 en proceso de redacci\u00f3n, el informe de la Comisi\u00f3n de Fiscalizaci\u00f3n, que debe recomendar o no la destituci\u00f3n del presidente Lasso.<\/p>\n<div class=\"noticia__single__enlaces\"><\/div>\n<\/div>\n<p><a href=\"https:\/\/www.primicias.ec\/noticias\/politica\/nombres-cambio-presidencia-asamblea\/\">https:\/\/www.primicias.ec\/noticias\/politica\/nombres-cambio-presidencia-asamblea\/<\/a><\/p>\n","protected":false},"excerpt":{"rendered":"<p>El corre\u00edsmo postular\u00e1 a Marcela Holgu\u00edn como reemplazo de Virgilio Saquicela. Mientras que entre los independientes se habla de Daniel Noboa. Mientras la Comisi\u00f3n de Fiscalizaci\u00f3n avanza en la redacci\u00f3n del informe sobre el proceso de juicio pol\u00edtico contra el presidente Guillermo Lasso, los asamble\u00edstas se enfocan en las negociaciones para el relevo de las autoridades de la Asamblea. Este 14 de mayo de 2023 se cumplen dos a\u00f1os del actual periodo legislativo. Por lo tanto, los legisladores deber\u00e1n decidir si cambian la presidencia y vicepresidencias de la Asamblea. El actual presidente, Virgilio Saquicela, fue colocado en el cargo por la mayor\u00eda opositora, integrada por Uni\u00f3n por la Esperanza (UNES), el Partido Social Cristiano (PSC) y parte de la Izquierda Democr\u00e1tica (ID) y Pachakutik. Sin embargo, los n\u00fameros de esa mayor\u00eda han ido cambiando durante el tr\u00e1mite del juicio pol\u00edtico y las negociaciones est\u00e1n todav\u00eda lejos de llegar a un acuerdo. Pero ya se habla de nombres que las bancadas propondr\u00e1n al menos para la presidencia de la asamblea. UNES postular a Marcela Holgu\u00edn, actual, primera vicepresidenta de la Asamblea. Gisela Garzon asegur\u00f3 qu\u00e9 esa ser\u00e1 su propuesta dado que el corre\u00edsmo tiene la bancada m\u00e1s grande. Mientras que Daniel Noboa, quien act\u00faa como independiente, sostuvo que los asamble\u00edstas que no est\u00e1n afiliados a las bancadas apoyar\u00e1n su nombre. En la ID, en cambio, se habla de la posibilidad de postular a Wilma Andrade o a Yese\u00f1a Guaman\u00ed. Las conversaciones se retomar\u00e1n a lo largo de la pr\u00f3xima semana, mientras est\u00e1 en proceso de redacci\u00f3n, el informe de la Comisi\u00f3n de Fiscalizaci\u00f3n, que debe recomendar o no la destituci\u00f3n del presidente Lasso. https:\/\/www.primicias.ec\/noticias\/politica\/nombres-cambio-presidencia-asamblea\/<\/p>\n","protected":false},"author":1,"featured_media":261699,"comment_status":"closed","ping_status":"closed","sticky":false,"template":"","format":"standard","meta":[],"categories":[40,23],"tags":[],"_links":{"self":[{"href":"https:\/\/www.ecuadortimes.net\/es\/wp-json\/wp\/v2\/posts\/261698"}],"collection":[{"href":"https:\/\/www.ecuadortimes.net\/es\/wp-json\/wp\/v2\/posts"}],"about":[{"href":"https:\/\/www.ecuadortimes.net\/es\/wp-json\/wp\/v2\/types\/post"}],"author":[{"embeddable":true,"href":"https:\/\/www.ecuadortimes.net\/es\/wp-json\/wp\/v2\/users\/1"}],"replies":[{"embeddable":true,"href":"https:\/\/www.ecuadortimes.net\/es\/wp-json\/wp\/v2\/comments?post=261698"}],"version-history":[{"count":1,"href":"https:\/\/www.ecuadortimes.net\/es\/wp-json\/wp\/v2\/posts\/261698\/revisions"}],"predecessor-version":[{"id":261700,"href":"https:\/\/www.ecuadortimes.net\/es\/wp-json\/wp\/v2\/posts\/261698\/revisions\/261700"}],"wp:featuredmedia":[{"embeddable":true,"href":"https:\/\/www.ecuadortimes.net\/es\/wp-json\/wp\/v2\/media\/261699"}],"wp:attachment":[{"href":"https:\/\/www.ecuadortimes.net\/es\/wp-json\/wp\/v2\/media?parent=261698"}],"wp:term":[{"taxonomy":"category","embeddable":true,"href":"https:\/\/www.ecuadortimes.net\/es\/wp-json\/wp\/v2\/categories?post=261698"},{"taxonomy":"post_tag","embeddable":true,"href":"https:\/\/www.ecuadortimes.net\/es\/wp-json\/wp\/v2\/tags?post=261698"}],"curies":[{"name":"wp","href":"https:\/\/api.w.org\/{rel}","templated":true}]}}