{"id":261701,"date":"2023-04-29T02:24:44","date_gmt":"2023-04-29T02:24:44","guid":{"rendered":"https:\/\/www.ecuadortimes.net\/es\/?p=261701"},"modified":"2023-04-29T02:26:17","modified_gmt":"2023-04-29T02:26:17","slug":"la-exportacion-de-banano-crecio-4-57-por-ciento-el-primer-trimestre-de-2023-gracias-a-europa","status":"publish","type":"post","link":"https:\/\/www.ecuadortimes.net\/es\/la-exportacion-de-banano-crecio-4-57-por-ciento-el-primer-trimestre-de-2023-gracias-a-europa\/","title":{"rendered":"La exportaci\u00f3n de banano creci\u00f3 4,57 % el primer trimestre de 2023 gracias a Europa"},"content":{"rendered":"<h4 id=\"m44-43-45\" class=\"article-epigraph \">Destinos como Alemania, Grecia o Pa\u00edses Bajos demandaron m\u00e1s el producto.\u00a0<strong>Por pa\u00edses, Rusia sigue siendo el mayor comprador.<\/strong><\/h4>\n<div id=\"attachment_261703\" style=\"width: 710px\" class=\"wp-caption alignnone\"><img aria-describedby=\"caption-attachment-261703\" loading=\"lazy\" class=\"size-full wp-image-261703\" src=\"https:\/\/www.ecuadortimes.net\/es\/wp-content\/uploads\/2023\/04\/ecuador-times-ecuador-news-banana-exports-grew-4-57-percent-in-the-first-quarter-of-2023-thanks-to-europe.jpeg\" alt=\"\" width=\"700\" height=\"402\" \/><p id=\"caption-attachment-261703\" class=\"wp-caption-text\">La exportaci\u00f3n de banano ha mejorado en el primer trimestre de 2023.<\/p><\/div>\n<p><strong>Un mejor inicio de a\u00f1o para el sector bananero.<\/strong>\u00a0Las exportaciones de uno de los productos estrella de Ecuador, medido por cajas, crecieron 4,57 % en el primer trimestre de 2023, comparado con el mismo per\u00edodo de 2022, seg\u00fan datos de la Asociaci\u00f3n de Comercializaci\u00f3n y Exportaci\u00f3n de Banano (Acorbanec).<\/p>\n<p><strong>En total se han exportado 99,8 millones de cajas\u00a0<\/strong>de banano entre enero y marzo de 2023, frente a las 95,4 millones del mismo lapso del a\u00f1o pasado.<\/p>\n<p><img loading=\"lazy\" class=\"alignnone size-full wp-image-261702\" src=\"https:\/\/www.ecuadortimes.net\/es\/wp-content\/uploads\/2023\/04\/exportacion-banano-1er-trimestre-2018-2023.png\" alt=\"\" width=\"858\" height=\"693\" \/><\/p>\n<p>El gremio bananero se\u00f1ala que\u00a0<strong>los principales incrementos<\/strong>\u00a0de las exportaciones se reflejan en la Uni\u00f3n Europea con 25,15%; Rusia con el 10,62%; Estados Unidos con el 10,98%; Reino Unido con el 30,64%.<\/p>\n<p id=\"m160-159-161\" class=\"paragraph \">Para Richard Salazar, presidente de Acorbanec, asegur\u00f3 que el incremento a mercados como el europeo o brit\u00e1nico obedece a que est\u00e1 \u00e9poca del a\u00f1o la demanda es alta. Adem\u00e1s, tambi\u00e9n hay\u00a0<strong>una mayor producci\u00f3n por parte de Ecuador.<\/strong><\/p>\n<p id=\"m165-164-166\" class=\"paragraph \">Del otro lado,\u00a0<strong>se evidencian reducciones<\/strong>\u00a0<strong>de exportaciones<\/strong>\u00a0en Medio Oriente con el -19,53%, Asia Oriental con el -14,65%, Europa del Este con el -61,84% sobre todo por la reducci\u00f3n dr\u00e1stica de las exportaciones a Ucrania por el conflicto con Rusia, dijo Acorbanec; EFTA (Liechtenstein, Noruega, Islandia y Suiza) con el -12,49%; y Canad\u00e1 con el -26,92%.<\/p>\n<p id=\"m170-169-171\" class=\"paragraph \">Por pa\u00edses,\u00a0<strong>Rusia es el pa\u00eds al que mayor banano se ha destinado\u00a0<\/strong>con una participaci\u00f3n del 23,53%, en segundo lugar, Estados Unidos con el 10,98%; en tercer lugar, Pa\u00edses Bajos con el 7,93%; en cuarto lugar, Turqu\u00eda con el 4,60%, en quinto lugar Alemania con el 4,76%.<\/p>\n<p>En el caso de las empresas, de los 99,86 millones de cajas de banano exportadas de enero a marzo del 2023,\u00a0<strong>el principal exportador es la compa\u00f1\u00eda Ubesa (DOLE)<\/strong> con una participaci\u00f3n del 10,02%; en segundo lugar se ubica Reybanpac con el 7,09%; en tercer lugar aparece Noboa Trading C. con el 5,79% de participaci\u00f3n; en cuarto lugar se ubica Comersur Cia. Ltda., con una participaci\u00f3n del 4,43%, en quinto lugar se ubica Frutadeli S.A. con el 3,79% de participaci\u00f3n.<\/p>\n<p><a href=\"https:\/\/www.expreso.ec\/actualidad\/economia\/exportacion-banano-crecio-4-57-primer-trimestre-2023-gracias-europa-158641.html\">https:\/\/www.expreso.ec\/actualidad\/economia\/exportacion-banano-crecio-4-57-primer-trimestre-2023-gracias-europa-158641.html<\/a><\/p>\n","protected":false},"excerpt":{"rendered":"<p>Destinos como Alemania, Grecia o Pa\u00edses Bajos demandaron m\u00e1s el producto.\u00a0Por pa\u00edses, Rusia sigue siendo el mayor comprador. Un mejor inicio de a\u00f1o para el sector bananero.\u00a0Las exportaciones de uno de los productos estrella de Ecuador, medido por cajas, crecieron 4,57 % en el primer trimestre de 2023, comparado con el mismo per\u00edodo de 2022, seg\u00fan datos de la Asociaci\u00f3n de Comercializaci\u00f3n y Exportaci\u00f3n de Banano (Acorbanec). En total se han exportado 99,8 millones de cajas\u00a0de banano entre enero y marzo de 2023, frente a las 95,4 millones del mismo lapso del a\u00f1o pasado. El gremio bananero se\u00f1ala que\u00a0los principales incrementos\u00a0de las exportaciones se reflejan en la Uni\u00f3n Europea con 25,15%; Rusia con el 10,62%; Estados Unidos con el 10,98%; Reino Unido con el 30,64%. Para Richard Salazar, presidente de Acorbanec, asegur\u00f3 que el incremento a mercados como el europeo o brit\u00e1nico obedece a que est\u00e1 \u00e9poca del a\u00f1o la demanda es alta. Adem\u00e1s, tambi\u00e9n hay\u00a0una mayor producci\u00f3n por parte de Ecuador. Del otro lado,\u00a0se evidencian reducciones\u00a0de exportaciones\u00a0en Medio Oriente con el -19,53%, Asia Oriental con el -14,65%, Europa del Este con el -61,84% sobre todo por la reducci\u00f3n dr\u00e1stica de las exportaciones a Ucrania por el conflicto con Rusia, dijo Acorbanec; EFTA (Liechtenstein, Noruega, Islandia y Suiza) con el -12,49%; y Canad\u00e1 con el -26,92%. Por pa\u00edses,\u00a0Rusia es el pa\u00eds al que mayor banano se ha destinado\u00a0con una participaci\u00f3n del 23,53%, en segundo lugar, Estados Unidos con el 10,98%; en tercer lugar, Pa\u00edses Bajos con el 7,93%; en cuarto lugar, Turqu\u00eda con el 4,60%, en quinto lugar Alemania con el 4,76%. En el caso de las empresas, de los 99,86 millones de cajas de banano exportadas de enero a marzo del 2023,\u00a0el principal exportador es la compa\u00f1\u00eda Ubesa (DOLE) con una participaci\u00f3n del 10,02%; en segundo lugar se ubica Reybanpac con el 7,09%; en tercer lugar aparece Noboa Trading C. con el 5,79% de participaci\u00f3n; en cuarto lugar se ubica Comersur Cia. Ltda., con una participaci\u00f3n del 4,43%, en quinto lugar se ubica Frutadeli S.A. con el 3,79% de participaci\u00f3n. https:\/\/www.expreso.ec\/actualidad\/economia\/exportacion-banano-crecio-4-57-primer-trimestre-2023-gracias-europa-158641.html<\/p>\n","protected":false},"author":1,"featured_media":261703,"comment_status":"closed","ping_status":"closed","sticky":false,"template":"","format":"standard","meta":[],"categories":[43,24],"tags":[],"_links":{"self":[{"href":"https:\/\/www.ecuadortimes.net\/es\/wp-json\/wp\/v2\/posts\/261701"}],"collection":[{"href":"https:\/\/www.ecuadortimes.net\/es\/wp-json\/wp\/v2\/posts"}],"about":[{"href":"https:\/\/www.ecuadortimes.net\/es\/wp-json\/wp\/v2\/types\/post"}],"author":[{"embeddable":true,"href":"https:\/\/www.ecuadortimes.net\/es\/wp-json\/wp\/v2\/users\/1"}],"replies":[{"embeddable":true,"href":"https:\/\/www.ecuadortimes.net\/es\/wp-json\/wp\/v2\/comments?post=261701"}],"version-history":[{"count":1,"href":"https:\/\/www.ecuadortimes.net\/es\/wp-json\/wp\/v2\/posts\/261701\/revisions"}],"predecessor-version":[{"id":261704,"href":"https:\/\/www.ecuadortimes.net\/es\/wp-json\/wp\/v2\/posts\/261701\/revisions\/261704"}],"wp:featuredmedia":[{"embeddable":true,"href":"https:\/\/www.ecuadortimes.net\/es\/wp-json\/wp\/v2\/media\/261703"}],"wp:attachment":[{"href":"https:\/\/www.ecuadortimes.net\/es\/wp-json\/wp\/v2\/media?parent=261701"}],"wp:term":[{"taxonomy":"category","embeddable":true,"href":"https:\/\/www.ecuadortimes.net\/es\/wp-json\/wp\/v2\/categories?post=261701"},{"taxonomy":"post_tag","embeddable":true,"href":"https:\/\/www.ecuadortimes.net\/es\/wp-json\/wp\/v2\/tags?post=261701"}],"curies":[{"name":"wp","href":"https:\/\/api.w.org\/{rel}","templated":true}]}}