{"id":261705,"date":"2023-05-02T20:55:43","date_gmt":"2023-05-02T20:55:43","guid":{"rendered":"https:\/\/www.ecuadortimes.net\/es\/?p=261705"},"modified":"2023-05-02T20:55:43","modified_gmt":"2023-05-02T20:55:43","slug":"casi-17000-ecuatorianos-cruzaron-el-darien-en-lo-que-va-de-2023","status":"publish","type":"post","link":"https:\/\/www.ecuadortimes.net\/es\/casi-17000-ecuatorianos-cruzaron-el-darien-en-lo-que-va-de-2023\/","title":{"rendered":"Casi 17.000 ecuatorianos cruzaron el Dari\u00e9n en lo que va de 2023"},"content":{"rendered":"<div id=\"entry-content-inarticle\" class=\"entry-content\">\n<h3 class=\"noticia__entradilla\">Los cruces irregulares por la selva del Dari\u00e9n, entre Panam\u00e1 y Colombia, tienen un nuevo r\u00e9cord: 127.687 personas entre enero y abril de 2023.<\/h3>\n<div id=\"attachment_261706\" style=\"width: 1170px\" class=\"wp-caption alignnone\"><img aria-describedby=\"caption-attachment-261706\" loading=\"lazy\" class=\"size-full wp-image-261706\" src=\"https:\/\/www.ecuadortimes.net\/es\/wp-content\/uploads\/2023\/05\/ecuador-times-ecuador-news-almost-17000-ecuadorians-have-crossed-the-darien-so-far-in-2023.jpg\" alt=\"\" width=\"1160\" height=\"650\" \/><p id=\"caption-attachment-261706\" class=\"wp-caption-text\">Un &#8216;chilinguero&#8217; o gu\u00eda lleva a unas personas por el estrecho de Dari\u00e9n, septiembre de 2022.<\/p><\/div>\n<p class=\"selectionShareable\">En los primeros cuatro meses de este a\u00f1o, <strong>m\u00e1s de 127.000 migrantes irregulares<\/strong> que viajan hacia Estados Unidos llegaron a Panam\u00e1 tras cruzar la jungla del Dari\u00e9n, la peligrosa frontera con Colombia.<\/p>\n<p class=\"selectionShareable\">La cifra es seis veces m\u00e1s que en el mismo lapso de 2022, seg\u00fan cifras oficiales.<\/p>\n<p class=\"selectionShareable\">Panam\u00e1 obtiene estos datos a trav\u00e9s de la informaci\u00f3n biom\u00e9trica de estos viajeros y les ofrece asistencia sanitaria y alimentaci\u00f3n, en unas estaciones situadas tanto en la jungla del Dari\u00e9n como en la de Chiriqu\u00ed (Costa Rica).<\/p>\n<p class=\"selectionShareable\">Entre las 127.687 personas en movilidad que al Dari\u00e9n, la <strong>nacionalidad venezolana es la m\u00e1s numerosa<\/strong> con 55.589.<\/p>\n<p class=\"selectionShareable\">Le siguen haitianos (28.610), y luego los ecuatorianos con 16.992, seg\u00fan las estad\u00edsticas del Servicio Nacional de Migraci\u00f3n (SNM) de Panam\u00e1.<\/p>\n<p class=\"selectionShareable\">Abril fue el mes con m\u00e1s llegadas en lo que va de a\u00f1o, con 40.297, muy por encima de enero, febrero y marzo, respectivamente.<\/p>\n<p class=\"selectionShareable\">De las personas que llegaron a las estaciones migratorias de Dari\u00e9n el 30 de abril, el <strong>21% eran menores de edad.<\/strong><\/p>\n<p class=\"selectionShareable\">Ante el creciente n\u00famero de migrantes por el Dari\u00e9n, la Agencia de la ONU para los Refugiados (<a href=\"https:\/\/twitter.com\/ACNURamericas\" target=\"_blank\" rel=\"noreferrer noopener\">Acnur<\/a>) lanz\u00f3 en Facebook y TikTok el proyecto \u201cConf\u00eda en El Tuc\u00e1n\u201d.<\/p>\n<p class=\"selectionShareable\">Con la estrategia, pretende combatir la informaci\u00f3n falsa en torno a la selva del Dari\u00e9n y su uso como ruta migratoria irregular.<\/p>\n<div class=\"noticia__single__enlaces\"><\/div>\n<\/div>\n<p><a href=\"https:\/\/www.primicias.ec\/noticias\/sociedad\/migrantes-cruzaron-darien-ninos\/\">https:\/\/www.primicias.ec\/noticias\/sociedad\/migrantes-cruzaron-darien-ninos\/<\/a><\/p>\n","protected":false},"excerpt":{"rendered":"<p>Los cruces irregulares por la selva del Dari\u00e9n, entre Panam\u00e1 y Colombia, tienen un nuevo r\u00e9cord: 127.687 personas entre enero y abril de 2023. En los primeros cuatro meses de este a\u00f1o, m\u00e1s de 127.000 migrantes irregulares que viajan hacia Estados Unidos llegaron a Panam\u00e1 tras cruzar la jungla del Dari\u00e9n, la peligrosa frontera con Colombia. La cifra es seis veces m\u00e1s que en el mismo lapso de 2022, seg\u00fan cifras oficiales. Panam\u00e1 obtiene estos datos a trav\u00e9s de la informaci\u00f3n biom\u00e9trica de estos viajeros y les ofrece asistencia sanitaria y alimentaci\u00f3n, en unas estaciones situadas tanto en la jungla del Dari\u00e9n como en la de Chiriqu\u00ed (Costa Rica). Entre las 127.687 personas en movilidad que al Dari\u00e9n, la nacionalidad venezolana es la m\u00e1s numerosa con 55.589. Le siguen haitianos (28.610), y luego los ecuatorianos con 16.992, seg\u00fan las estad\u00edsticas del Servicio Nacional de Migraci\u00f3n (SNM) de Panam\u00e1. Abril fue el mes con m\u00e1s llegadas en lo que va de a\u00f1o, con 40.297, muy por encima de enero, febrero y marzo, respectivamente. De las personas que llegaron a las estaciones migratorias de Dari\u00e9n el 30 de abril, el 21% eran menores de edad. Ante el creciente n\u00famero de migrantes por el Dari\u00e9n, la Agencia de la ONU para los Refugiados (Acnur) lanz\u00f3 en Facebook y TikTok el proyecto \u201cConf\u00eda en El Tuc\u00e1n\u201d. Con la estrategia, pretende combatir la informaci\u00f3n falsa en torno a la selva del Dari\u00e9n y su uso como ruta migratoria irregular. https:\/\/www.primicias.ec\/noticias\/sociedad\/migrantes-cruzaron-darien-ninos\/<\/p>\n","protected":false},"author":1,"featured_media":261706,"comment_status":"closed","ping_status":"closed","sticky":false,"template":"","format":"standard","meta":[],"categories":[35,23],"tags":[],"_links":{"self":[{"href":"https:\/\/www.ecuadortimes.net\/es\/wp-json\/wp\/v2\/posts\/261705"}],"collection":[{"href":"https:\/\/www.ecuadortimes.net\/es\/wp-json\/wp\/v2\/posts"}],"about":[{"href":"https:\/\/www.ecuadortimes.net\/es\/wp-json\/wp\/v2\/types\/post"}],"author":[{"embeddable":true,"href":"https:\/\/www.ecuadortimes.net\/es\/wp-json\/wp\/v2\/users\/1"}],"replies":[{"embeddable":true,"href":"https:\/\/www.ecuadortimes.net\/es\/wp-json\/wp\/v2\/comments?post=261705"}],"version-history":[{"count":1,"href":"https:\/\/www.ecuadortimes.net\/es\/wp-json\/wp\/v2\/posts\/261705\/revisions"}],"predecessor-version":[{"id":261707,"href":"https:\/\/www.ecuadortimes.net\/es\/wp-json\/wp\/v2\/posts\/261705\/revisions\/261707"}],"wp:featuredmedia":[{"embeddable":true,"href":"https:\/\/www.ecuadortimes.net\/es\/wp-json\/wp\/v2\/media\/261706"}],"wp:attachment":[{"href":"https:\/\/www.ecuadortimes.net\/es\/wp-json\/wp\/v2\/media?parent=261705"}],"wp:term":[{"taxonomy":"category","embeddable":true,"href":"https:\/\/www.ecuadortimes.net\/es\/wp-json\/wp\/v2\/categories?post=261705"},{"taxonomy":"post_tag","embeddable":true,"href":"https:\/\/www.ecuadortimes.net\/es\/wp-json\/wp\/v2\/tags?post=261705"}],"curies":[{"name":"wp","href":"https:\/\/api.w.org\/{rel}","templated":true}]}}