{"id":261708,"date":"2023-05-02T21:02:40","date_gmt":"2023-05-02T21:02:40","guid":{"rendered":"https:\/\/www.ecuadortimes.net\/es\/?p=261708"},"modified":"2023-05-02T21:02:40","modified_gmt":"2023-05-02T21:02:40","slug":"el-fbi-apoyara-a-la-policia-de-ecuador-en-la-investigacion-de-acciones-terroristas","status":"publish","type":"post","link":"https:\/\/www.ecuadortimes.net\/es\/el-fbi-apoyara-a-la-policia-de-ecuador-en-la-investigacion-de-acciones-terroristas\/","title":{"rendered":"El FBI apoyar\u00e1 a la Polic\u00eda de Ecuador en la investigaci\u00f3n de acciones terroristas"},"content":{"rendered":"<div class=\"entry__content pw-ctt\">\n<p>La Polic\u00eda fortalecer\u00e1 las capacidades operativas y t\u00e1cticas para luchar contra el crimen organizado y el narcotr\u00e1fico en el Ecuador.<\/p>\n<div id=\"attachment_261709\" style=\"width: 710px\" class=\"wp-caption alignnone\"><img aria-describedby=\"caption-attachment-261709\" loading=\"lazy\" class=\"size-full wp-image-261709\" src=\"https:\/\/www.ecuadortimes.net\/es\/wp-content\/uploads\/2023\/05\/ecuador-times-ecuador-news-the-fbi-will-support-the-ecuadorian-police-in-the-investigation-of-terrorist-actions.jpeg\" alt=\"\" width=\"700\" height=\"458\" \/><p id=\"caption-attachment-261709\" class=\"wp-caption-text\">Polic\u00edas recibir\u00e1n capacitaci\u00f3n y reentrenamiento para enfrentar al terrorismo y grupos criminales.<\/p><\/div>\n<p>Esto se da luego de que el Consejo de Seguridad P\u00fablica y de Estado (Cosepe) declarara al terrorismo como una amenaza a la seguridad del Estado ecuatoriano.<\/p>\n<p>El ministro del Interior, Juan Zapata, asegur\u00f3 que habr\u00e1 \u201cuna reorganizaci\u00f3n, readecuaci\u00f3n, reentrenamiento y un fortalecimiento de las capacidades de la Polic\u00eda para enfrentar la amenaza del terrorismo\u201d.<\/p>\n<p>El funcionario habl\u00f3 durante un evento en el Grupo de Intervenci\u00f3n y Rescate (GIR), este lunes 1 de Mayo del 2023.<\/p>\n<p>\u201cTendremos una respuesta firme contra la delincuencia al hacer\u00a0uso de las atribuciones legales que tenemos, el uso del arma de dotaci\u00f3n y de la fuerza coercitiva del Estado.<\/p>\n<p>No nos pueden ganar, el pa\u00eds tiene que recuperar la seguridad y la tranquilidad. <strong>Los terroristas son los que deben sentir miedo y no la ciudadan\u00eda\u201d,<\/strong> indic\u00f3 Zapata.<\/p>\n<p>El <strong>comandante general de Polic\u00eda, Fausto Salinas,<\/strong> tambi\u00e9n asegur\u00f3 que incrementar\u00e1n las capacidades operativas de las unidades t\u00e1cticas, de investigaci\u00f3n e Inteligencia policial.<\/p>\n<h2 id=\"h-de-que-manera-se-fortaleceran\">\u00bfDe qu\u00e9 manera se fortalecer\u00e1n?<\/h2>\n<p>Salinas indic\u00f3 que <strong>2 700 polic\u00edas de la Unidad de Mantenimiento del Orden recibir\u00e1n capacitaci\u00f3n en combate cerrado<\/strong> y t\u00e9cnicas operativas.<\/p>\n<p><strong>\u201cLas unidades t\u00e1cticas empezar\u00e1n un reentrenamiento.<\/strong> Las unidades de investigaci\u00f3n e inteligencia tambi\u00e9n laborar\u00e1n bajo un nuevo enfoque de investigaci\u00f3n orientado a la tipificaci\u00f3n del delito de terrorismo\u201d, se\u00f1al\u00f3 Salinas.<\/p>\n<p>Para\u00a0estos procesos de entrenamiento y capacitaci\u00f3n <strong>se adquirieron nuevas municiones.<\/strong> Esos insumos llegar\u00e1n a la Polic\u00eda en 20 d\u00edas y ah\u00ed empezar\u00e1 la formaci\u00f3n.<\/p>\n<p><strong>Tambi\u00e9n dijo que la Polic\u00eda contar\u00e1 con el apoyo del FBI, de los Estados Unidos, para la investigaci\u00f3n de acciones terroristas<\/strong> y, adem\u00e1s, se contar\u00e1 con instructores internacionales, quienes dar\u00e1n clases de combate cerrado.<\/p>\n<h2 id=\"h-las-demostraciones-operativas-de-la-policia\">Las demostraciones operativas\u00a0de la Polic\u00eda<\/h2>\n<p>Este 1 de mayo del 2023, agentes del GIR realizaron una demostraci\u00f3n de las capacidades t\u00e1cticas, tecnol\u00f3gicas y operativas, con las que la Polic\u00eda Nacional cuenta actualmente.<\/p>\n<p>En el pol\u00edgono de tiro de las instalaciones del Grupo de Intervenci\u00f3n y Rescate, los polic\u00edas representaron casos reales que han tenido que enfrentar.<\/p>\n<p>Primero hicieron una\u00a0simulaci\u00f3n de c\u00f3mo allanan una vivienda y liberan\u00a0a una v\u00edctima de secuestro. Luego, los uniformados realizaron una pr\u00e1ctica de tiro.<\/p>\n<p>Tambi\u00e9n hicieron una demostraci\u00f3n pr\u00e1ctica de c\u00f3mo desactivan y destruyen un artefacto explosivo, que se encontraba en medio de dos veh\u00edculos. Por ejemplo, para mover paquete sospechoso a un sitio seguro donde pueda ser destruido, los polic\u00edas usaron un robot.<\/p>\n<div class=\"ned-ad-dynamic\"><\/div>\n<\/div>\n<p><a href=\"https:\/\/www.elcomercio.com\/actualidad\/seguridad\/el-fbi-apoyara-a-la-policia-de-ecuador-en-la-investigacion-de-acciones-terroristas.html\">https:\/\/www.elcomercio.com\/actualidad\/seguridad\/el-fbi-apoyara-a-la-policia-de-ecuador-en-la-investigacion-de-acciones-terroristas.html<\/a><\/p>\n","protected":false},"excerpt":{"rendered":"<p>La Polic\u00eda fortalecer\u00e1 las capacidades operativas y t\u00e1cticas para luchar contra el crimen organizado y el narcotr\u00e1fico en el Ecuador. Esto se da luego de que el Consejo de Seguridad P\u00fablica y de Estado (Cosepe) declarara al terrorismo como una amenaza a la seguridad del Estado ecuatoriano. El ministro del Interior, Juan Zapata, asegur\u00f3 que habr\u00e1 \u201cuna reorganizaci\u00f3n, readecuaci\u00f3n, reentrenamiento y un fortalecimiento de las capacidades de la Polic\u00eda para enfrentar la amenaza del terrorismo\u201d. El funcionario habl\u00f3 durante un evento en el Grupo de Intervenci\u00f3n y Rescate (GIR), este lunes 1 de Mayo del 2023. \u201cTendremos una respuesta firme contra la delincuencia al hacer\u00a0uso de las atribuciones legales que tenemos, el uso del arma de dotaci\u00f3n y de la fuerza coercitiva del Estado. No nos pueden ganar, el pa\u00eds tiene que recuperar la seguridad y la tranquilidad. Los terroristas son los que deben sentir miedo y no la ciudadan\u00eda\u201d, indic\u00f3 Zapata. El comandante general de Polic\u00eda, Fausto Salinas, tambi\u00e9n asegur\u00f3 que incrementar\u00e1n las capacidades operativas de las unidades t\u00e1cticas, de investigaci\u00f3n e Inteligencia policial. \u00bfDe qu\u00e9 manera se fortalecer\u00e1n? Salinas indic\u00f3 que 2 700 polic\u00edas de la Unidad de Mantenimiento del Orden recibir\u00e1n capacitaci\u00f3n en combate cerrado y t\u00e9cnicas operativas. \u201cLas unidades t\u00e1cticas empezar\u00e1n un reentrenamiento. Las unidades de investigaci\u00f3n e inteligencia tambi\u00e9n laborar\u00e1n bajo un nuevo enfoque de investigaci\u00f3n orientado a la tipificaci\u00f3n del delito de terrorismo\u201d, se\u00f1al\u00f3 Salinas. Para\u00a0estos procesos de entrenamiento y capacitaci\u00f3n se adquirieron nuevas municiones. Esos insumos llegar\u00e1n a la Polic\u00eda en 20 d\u00edas y ah\u00ed empezar\u00e1 la formaci\u00f3n. Tambi\u00e9n dijo que la Polic\u00eda contar\u00e1 con el apoyo del FBI, de los Estados Unidos, para la investigaci\u00f3n de acciones terroristas y, adem\u00e1s, se contar\u00e1 con instructores internacionales, quienes dar\u00e1n clases de combate cerrado. Las demostraciones operativas\u00a0de la Polic\u00eda Este 1 de mayo del 2023, agentes del GIR realizaron una demostraci\u00f3n de las capacidades t\u00e1cticas, tecnol\u00f3gicas y operativas, con las que la Polic\u00eda Nacional cuenta actualmente. En el pol\u00edgono de tiro de las instalaciones del Grupo de Intervenci\u00f3n y Rescate, los polic\u00edas representaron casos reales que han tenido que enfrentar. Primero hicieron una\u00a0simulaci\u00f3n de c\u00f3mo allanan una vivienda y liberan\u00a0a una v\u00edctima de secuestro. Luego, los uniformados realizaron una pr\u00e1ctica de tiro. Tambi\u00e9n hicieron una demostraci\u00f3n pr\u00e1ctica de c\u00f3mo desactivan y destruyen un artefacto explosivo, que se encontraba en medio de dos veh\u00edculos. Por ejemplo, para mover paquete sospechoso a un sitio seguro donde pueda ser destruido, los polic\u00edas usaron un robot. https:\/\/www.elcomercio.com\/actualidad\/seguridad\/el-fbi-apoyara-a-la-policia-de-ecuador-en-la-investigacion-de-acciones-terroristas.html<\/p>\n","protected":false},"author":1,"featured_media":261709,"comment_status":"closed","ping_status":"closed","sticky":false,"template":"","format":"standard","meta":[],"categories":[35,24],"tags":[],"_links":{"self":[{"href":"https:\/\/www.ecuadortimes.net\/es\/wp-json\/wp\/v2\/posts\/261708"}],"collection":[{"href":"https:\/\/www.ecuadortimes.net\/es\/wp-json\/wp\/v2\/posts"}],"about":[{"href":"https:\/\/www.ecuadortimes.net\/es\/wp-json\/wp\/v2\/types\/post"}],"author":[{"embeddable":true,"href":"https:\/\/www.ecuadortimes.net\/es\/wp-json\/wp\/v2\/users\/1"}],"replies":[{"embeddable":true,"href":"https:\/\/www.ecuadortimes.net\/es\/wp-json\/wp\/v2\/comments?post=261708"}],"version-history":[{"count":1,"href":"https:\/\/www.ecuadortimes.net\/es\/wp-json\/wp\/v2\/posts\/261708\/revisions"}],"predecessor-version":[{"id":261710,"href":"https:\/\/www.ecuadortimes.net\/es\/wp-json\/wp\/v2\/posts\/261708\/revisions\/261710"}],"wp:featuredmedia":[{"embeddable":true,"href":"https:\/\/www.ecuadortimes.net\/es\/wp-json\/wp\/v2\/media\/261709"}],"wp:attachment":[{"href":"https:\/\/www.ecuadortimes.net\/es\/wp-json\/wp\/v2\/media?parent=261708"}],"wp:term":[{"taxonomy":"category","embeddable":true,"href":"https:\/\/www.ecuadortimes.net\/es\/wp-json\/wp\/v2\/categories?post=261708"},{"taxonomy":"post_tag","embeddable":true,"href":"https:\/\/www.ecuadortimes.net\/es\/wp-json\/wp\/v2\/tags?post=261708"}],"curies":[{"name":"wp","href":"https:\/\/api.w.org\/{rel}","templated":true}]}}