{"id":261711,"date":"2023-05-04T02:08:06","date_gmt":"2023-05-04T02:08:06","guid":{"rendered":"https:\/\/www.ecuadortimes.net\/es\/?p=261711"},"modified":"2023-05-04T02:08:06","modified_gmt":"2023-05-04T02:08:06","slug":"mega-operativo-revela-nexos-de-mafia-ndrangheta-en-ecuador","status":"publish","type":"post","link":"https:\/\/www.ecuadortimes.net\/es\/mega-operativo-revela-nexos-de-mafia-ndrangheta-en-ecuador\/","title":{"rendered":"Mega operativo revela nexos de mafia Ndrangheta en Ecuador"},"content":{"rendered":"<div id=\"entry-content-inarticle\" class=\"entry-content\">\n<h3 class=\"noticia__entradilla\">El mega operativo, desplegado en Europa, descubri\u00f3 que altas cantidades de dinero de la mafia Ndrangheta se \u2018lavaba\u2019 en seis pa\u00edses, y uno de ellos era Ecuador.<\/h3>\n<div id=\"attachment_261712\" style=\"width: 1170px\" class=\"wp-caption alignnone\"><img aria-describedby=\"caption-attachment-261712\" loading=\"lazy\" class=\"size-full wp-image-261712\" src=\"https:\/\/www.ecuadortimes.net\/es\/wp-content\/uploads\/2023\/05\/ecuador-times-ecuador-news-mega-operation-reveals-ndrangeta-mafia-ties-in-ecuador.jpg\" alt=\"\" width=\"1160\" height=\"650\" \/><p id=\"caption-attachment-261712\" class=\"wp-caption-text\">Un polic\u00eda escolta a un detenido en el oeste de Alemania, tras un operativo contra la mafia italiana Ndrangheta, el 3 de mayo de 2023.<\/p><\/div>\n<p class=\"selectionShareable\">Una operaci\u00f3n europea dio uno de los <strong>mayores golpes en contra de la Ndrangheta<\/strong>, la mafia de Calabria (sur de Italia), y su red de narcotr\u00e1fico desde Sudam\u00e9rica, incluyendo en Ecuador.<\/p>\n<p class=\"selectionShareable\">En el mega operativo participaron Italia, Alemania, B\u00e9lgica, Portugal y Espa\u00f1a, y obtuvo como resultado la <strong>detenci\u00f3n de 155 personas <\/strong>en tres pa\u00edses. Tambi\u00e9n hay otras 23 \u00f3rdenes de arresto por ejecutar.<\/p>\n<p class=\"selectionShareable\">Se trata de una operaci\u00f3n internacional\u00a0con m\u00e1s de 2.770 agentes implicados, inform\u00f3 Europol en un comunicado, este 3 de mayo.<\/p>\n<p class=\"selectionShareable\">Durante las investigaciones, se pudo <strong>contabilizar el tr\u00e1fico de hasta 280 kilos de hero\u00edna<\/strong> y 100 de coca\u00edna procedentes de Sudam\u00e9rica, espec\u00edficamente de Colombia.<\/p>\n<figure class=\"wp-block-embed is-type-rich is-provider-twitter wp-block-embed-twitter\">\n<div class=\"wp-block-embed__wrapper\">\n<div class=\"twitter-tweet twitter-tweet-rendered\" style=\"display: flex; max-width: 500px; width: 100%; margin-top: 10px; margin-bottom: 10px;\"><iframe id=\"twitter-widget-0\" class=\"\" style=\"position: static; visibility: visible; width: 500px; height: 467px; display: block; flex-grow: 1;\" title=\"Twitter Tweet\" src=\"https:\/\/platform.twitter.com\/embed\/Tweet.html?dnt=true&amp;embedId=twitter-widget-0&amp;features=eyJ0ZndfdGltZWxpbmVfbGlzdCI6eyJidWNrZXQiOltdLCJ2ZXJzaW9uIjpudWxsfSwidGZ3X2ZvbGxvd2VyX2NvdW50X3N1bnNldCI6eyJidWNrZXQiOnRydWUsInZlcnNpb24iOm51bGx9LCJ0ZndfdHdlZXRfZWRpdF9iYWNrZW5kIjp7ImJ1Y2tldCI6Im9uIiwidmVyc2lvbiI6bnVsbH0sInRmd19yZWZzcmNfc2Vzc2lvbiI6eyJidWNrZXQiOiJvbiIsInZlcnNpb24iOm51bGx9LCJ0ZndfZm9zbnJfc29mdF9pbnRlcnZlbnRpb25zX2VuYWJsZWQiOnsiYnVja2V0Ijoib24iLCJ2ZXJzaW9uIjpudWxsfSwidGZ3X21peGVkX21lZGlhXzE1ODk3Ijp7ImJ1Y2tldCI6InRyZWF0bWVudCIsInZlcnNpb24iOm51bGx9LCJ0ZndfZXhwZXJpbWVudHNfY29va2llX2V4cGlyYXRpb24iOnsiYnVja2V0IjoxMjA5NjAwLCJ2ZXJzaW9uIjpudWxsfSwidGZ3X3Nob3dfYmlyZHdhdGNoX3Bpdm90c19lbmFibGVkIjp7ImJ1Y2tldCI6Im9uIiwidmVyc2lvbiI6bnVsbH0sInRmd19kdXBsaWNhdGVfc2NyaWJlc190b19zZXR0aW5ncyI6eyJidWNrZXQiOiJvbiIsInZlcnNpb24iOm51bGx9LCJ0ZndfdXNlX3Byb2ZpbGVfaW1hZ2Vfc2hhcGVfZW5hYmxlZCI6eyJidWNrZXQiOiJvbiIsInZlcnNpb24iOm51bGx9LCJ0ZndfdmlkZW9faGxzX2R5bmFtaWNfbWFuaWZlc3RzXzE1MDgyIjp7ImJ1Y2tldCI6InRydWVfYml0cmF0ZSIsInZlcnNpb24iOm51bGx9LCJ0ZndfbGVnYWN5X3RpbWVsaW5lX3N1bnNldCI6eyJidWNrZXQiOnRydWUsInZlcnNpb24iOm51bGx9LCJ0ZndfdHdlZXRfZWRpdF9mcm9udGVuZCI6eyJidWNrZXQiOiJvbiIsInZlcnNpb24iOm51bGx9fQ%3D%3D&amp;frame=false&amp;hideCard=false&amp;hideThread=false&amp;id=1653697455131619328&amp;lang=es&amp;origin=https%3A%2F%2Fwww.primicias.ec%2Fnoticias%2Fsucesos%2Foperativo-mafia-ndrangheta-ecuador%2F&amp;sessionId=f3ad0a54f1e4c7926641504a890b20e7723e3fcc&amp;siteScreenName=primicias&amp;theme=light&amp;widgetsVersion=aaf4084522e3a%3A1674595607486&amp;width=500px\" frameborder=\"0\" scrolling=\"no\" allowfullscreen=\"allowfullscreen\" data-tweet-id=\"1653697455131619328\"><\/iframe><\/div>\n<p><script data-minify=\"1\" async=\"\" charset=\"utf-8\" src=\"https:\/\/www.primicias.ec\/wp-content\/cache\/min\/1\/widgets.js?ver=1683161690\" data-rocket-status=\"executed\"><\/script><\/p>\n<\/div>\n<\/figure>\n<p class=\"selectionShareable\">Aunque tambi\u00e9n hay conexiones de Ndrangheta con el c\u00e1rtel del Golfo mexicano.<\/p>\n<h2><strong>Blanqueo de dinero en Ecuador\u00a0<\/strong><\/h2>\n<p class=\"selectionShareable\">Adem\u00e1s, se logr\u00f3 rastrear un <strong>movimiento de dinero <\/strong>por USD 24,6 millones, que pasaba por seis pa\u00edses, y uno de ellos es <strong>Ecuador.<\/strong><\/p>\n<p class=\"selectionShareable\">Este dinero, en parte, se reinvert\u00eda en la <strong>compra de autos y art\u00edculos de lujo<\/strong>. Y se financiaban actividades empresariales en Francia, Portugal y Alemania, como las empresas de lavado de autos.<\/p>\n<p class=\"selectionShareable\">Pero hay m\u00e1s detalles de las relaciones de la mafia italiana con el pa\u00eds.<\/p>\n<p class=\"selectionShareable\">Seg\u00fan Europol, Ndrangheta ten\u00eda <strong>lazos comerciales con la mafia albanesa<\/strong>, que opera en Ecuador y en varios pa\u00edses europeos.<\/p>\n<p class=\"selectionShareable\">Las primeras llegadas de operadores de la mafia italiana al pa\u00eds se remontan a 2009, seg\u00fan public\u00f3 PRIMICIAS.<\/p>\n<h2><strong>La mafia m\u00e1s poderosa\u00a0<\/strong><\/h2>\n<p class=\"selectionShareable\">La operaci\u00f3n revel\u00f3 adem\u00e1s la incre\u00edble ramificaci\u00f3n de la Ndrangheta, la mafia m\u00e1s poderosa de Italia, tanto en el norte de Italia, pero tambi\u00e9n en pa\u00edses como B\u00e9lgica y Alemania.<\/p>\n<p class=\"selectionShareable\">Al margen del tr\u00e1fico de droga, la organizaci\u00f3n criminal participaba en el env\u00edo de armas de guerra desde pa\u00edses de la ex Uni\u00f3n Sovi\u00e9tica a formaciones paramilitares en Colombia y en Pakist\u00e1n.<\/p>\n<p class=\"selectionShareable\">Adem\u00e1s, suministraban armas al grupo delictivo PCC (Primeiro Comando da Capital) de Brasil, a cambio de cargamentos de coca\u00edna.<\/p>\n<p class=\"selectionShareable\">Cada uno de los sospechosos est\u00e1 acusado de asociaci\u00f3n mafiosa, tr\u00e1fico internacional de drogas con la agravante de transnacionalidad, tr\u00e1fico de armas, incluidas de guerra, y blanqueo de capitales.<\/p>\n<div class=\"noticia__single__enlaces\"><\/div>\n<\/div>\n<p><a href=\"https:\/\/www.primicias.ec\/noticias\/sucesos\/operativo-mafia-ndrangheta-ecuador\/\">https:\/\/www.primicias.ec\/noticias\/sucesos\/operativo-mafia-ndrangheta-ecuador\/<\/a><\/p>\n","protected":false},"excerpt":{"rendered":"<p>El mega operativo, desplegado en Europa, descubri\u00f3 que altas cantidades de dinero de la mafia Ndrangheta se \u2018lavaba\u2019 en seis pa\u00edses, y uno de ellos era Ecuador. Una operaci\u00f3n europea dio uno de los mayores golpes en contra de la Ndrangheta, la mafia de Calabria (sur de Italia), y su red de narcotr\u00e1fico desde Sudam\u00e9rica, incluyendo en Ecuador. En el mega operativo participaron Italia, Alemania, B\u00e9lgica, Portugal y Espa\u00f1a, y obtuvo como resultado la detenci\u00f3n de 155 personas en tres pa\u00edses. Tambi\u00e9n hay otras 23 \u00f3rdenes de arresto por ejecutar. Se trata de una operaci\u00f3n internacional\u00a0con m\u00e1s de 2.770 agentes implicados, inform\u00f3 Europol en un comunicado, este 3 de mayo. Durante las investigaciones, se pudo contabilizar el tr\u00e1fico de hasta 280 kilos de hero\u00edna y 100 de coca\u00edna procedentes de Sudam\u00e9rica, espec\u00edficamente de Colombia. Aunque tambi\u00e9n hay conexiones de Ndrangheta con el c\u00e1rtel del Golfo mexicano. Blanqueo de dinero en Ecuador\u00a0 Adem\u00e1s, se logr\u00f3 rastrear un movimiento de dinero por USD 24,6 millones, que pasaba por seis pa\u00edses, y uno de ellos es Ecuador. Este dinero, en parte, se reinvert\u00eda en la compra de autos y art\u00edculos de lujo. Y se financiaban actividades empresariales en Francia, Portugal y Alemania, como las empresas de lavado de autos. Pero hay m\u00e1s detalles de las relaciones de la mafia italiana con el pa\u00eds. Seg\u00fan Europol, Ndrangheta ten\u00eda lazos comerciales con la mafia albanesa, que opera en Ecuador y en varios pa\u00edses europeos. Las primeras llegadas de operadores de la mafia italiana al pa\u00eds se remontan a 2009, seg\u00fan public\u00f3 PRIMICIAS. La mafia m\u00e1s poderosa\u00a0 La operaci\u00f3n revel\u00f3 adem\u00e1s la incre\u00edble ramificaci\u00f3n de la Ndrangheta, la mafia m\u00e1s poderosa de Italia, tanto en el norte de Italia, pero tambi\u00e9n en pa\u00edses como B\u00e9lgica y Alemania. Al margen del tr\u00e1fico de droga, la organizaci\u00f3n criminal participaba en el env\u00edo de armas de guerra desde pa\u00edses de la ex Uni\u00f3n Sovi\u00e9tica a formaciones paramilitares en Colombia y en Pakist\u00e1n. Adem\u00e1s, suministraban armas al grupo delictivo PCC (Primeiro Comando da Capital) de Brasil, a cambio de cargamentos de coca\u00edna. Cada uno de los sospechosos est\u00e1 acusado de asociaci\u00f3n mafiosa, tr\u00e1fico internacional de drogas con la agravante de transnacionalidad, tr\u00e1fico de armas, incluidas de guerra, y blanqueo de capitales. https:\/\/www.primicias.ec\/noticias\/sucesos\/operativo-mafia-ndrangheta-ecuador\/<\/p>\n","protected":false},"author":1,"featured_media":261712,"comment_status":"closed","ping_status":"closed","sticky":false,"template":"","format":"standard","meta":[],"categories":[35,23],"tags":[],"_links":{"self":[{"href":"https:\/\/www.ecuadortimes.net\/es\/wp-json\/wp\/v2\/posts\/261711"}],"collection":[{"href":"https:\/\/www.ecuadortimes.net\/es\/wp-json\/wp\/v2\/posts"}],"about":[{"href":"https:\/\/www.ecuadortimes.net\/es\/wp-json\/wp\/v2\/types\/post"}],"author":[{"embeddable":true,"href":"https:\/\/www.ecuadortimes.net\/es\/wp-json\/wp\/v2\/users\/1"}],"replies":[{"embeddable":true,"href":"https:\/\/www.ecuadortimes.net\/es\/wp-json\/wp\/v2\/comments?post=261711"}],"version-history":[{"count":1,"href":"https:\/\/www.ecuadortimes.net\/es\/wp-json\/wp\/v2\/posts\/261711\/revisions"}],"predecessor-version":[{"id":261713,"href":"https:\/\/www.ecuadortimes.net\/es\/wp-json\/wp\/v2\/posts\/261711\/revisions\/261713"}],"wp:featuredmedia":[{"embeddable":true,"href":"https:\/\/www.ecuadortimes.net\/es\/wp-json\/wp\/v2\/media\/261712"}],"wp:attachment":[{"href":"https:\/\/www.ecuadortimes.net\/es\/wp-json\/wp\/v2\/media?parent=261711"}],"wp:term":[{"taxonomy":"category","embeddable":true,"href":"https:\/\/www.ecuadortimes.net\/es\/wp-json\/wp\/v2\/categories?post=261711"},{"taxonomy":"post_tag","embeddable":true,"href":"https:\/\/www.ecuadortimes.net\/es\/wp-json\/wp\/v2\/tags?post=261711"}],"curies":[{"name":"wp","href":"https:\/\/api.w.org\/{rel}","templated":true}]}}