{"id":261714,"date":"2023-05-04T02:25:14","date_gmt":"2023-05-04T02:25:14","guid":{"rendered":"https:\/\/www.ecuadortimes.net\/es\/?p=261714"},"modified":"2023-05-04T02:25:14","modified_gmt":"2023-05-04T02:25:14","slug":"nueva-alza-de-las-tasas-de-interes-de-la-fed-de-estados-unidos","status":"publish","type":"post","link":"https:\/\/www.ecuadortimes.net\/es\/nueva-alza-de-las-tasas-de-interes-de-la-fed-de-estados-unidos\/","title":{"rendered":"Nueva alza de las tasas de inter\u00e9s de la FED de Estados Unidos"},"content":{"rendered":"<div id=\"entry-content-inarticle\" class=\"entry-content\">\n<h3 class=\"noticia__entradilla\">Tras la nueva subida de las tasas de inter\u00e9s, en un contexto de inestabilidad bancaria estadounidense, la FED sugiere una pausa en los aumentos.<\/h3>\n<div id=\"attachment_261715\" style=\"width: 1170px\" class=\"wp-caption alignnone\"><img aria-describedby=\"caption-attachment-261715\" loading=\"lazy\" class=\"size-full wp-image-261715\" src=\"https:\/\/www.ecuadortimes.net\/es\/wp-content\/uploads\/2023\/05\/ecuador-times-ecuador-news-new-interest-rate-hike-by-the-us-fed.jpg\" alt=\"\" width=\"1160\" height=\"650\" \/><p id=\"caption-attachment-261715\" class=\"wp-caption-text\">Jerome Powell, presidente de la Reserva Federal, en una rueda de prensa, el 21 de septiembre de 2022.<\/p><\/div>\n<p class=\"selectionShareable\">La Reserva Federal (Fed) de Estados Unidos anunci\u00f3 este 3 de mayo de 2023 una <strong>nueva subida de los tipos de inter\u00e9s<\/strong>, de 0,25 puntos, que sit\u00faa las tasas en un rango de entre el 5% y el 5,25% anual.<\/p>\n<p class=\"selectionShareable\">La subida, la d\u00e9cima en el \u00faltimo a\u00f1o, est\u00e1 en l\u00ednea con lo pronosticado por los analistas y llega en un contexto de <strong>alta inestabilidad bancaria.<\/strong><\/p>\n<p class=\"selectionShareable\">En el comunicado, el Comit\u00e9 Federal de Mercado Abierto de la Fed (FOMC, en ingl\u00e9s) no aclar\u00f3 si esta podr\u00eda ser la <strong>\u00faltima subida<\/strong> antes de hacer una pausa por la<strong> inestabilidad del sistema bancario<\/strong>.<\/p>\n<p class=\"selectionShareable\">\u201cAl evaluar la postura apropiada de la pol\u00edtica monetaria, el comit\u00e9 continuar\u00e1 monitoreando las implicaciones de la informaci\u00f3n entrante para el <strong>panorama econ\u00f3mico<\/strong>\u201c, afirm\u00f3 el comunicado.<\/p>\n<p class=\"selectionShareable\">As\u00ed, el FOMC tendr\u00e1 en cuenta \u201cel <strong>endurecimiento acumulativo de la pol\u00edtica monetaria<\/strong>, los rezagos con los que la pol\u00edtica monetaria afecta la actividad econ\u00f3mica y la inflaci\u00f3n, y los <strong>factores econ\u00f3micos y financieros<\/strong>\u201c.<\/p>\n<p class=\"selectionShareable\">La Fed est\u00e1 \u201cpreparada\u201d para<strong> ajustar la postura de la pol\u00edtica monetaria<\/strong> \u201cseg\u00fan corresponda\u201d si \u201csurgen riesgos que podr\u00edan impedir el logro de los objetivos\u201d de llevar la inflaci\u00f3n al 2 %, a\u00f1ade el comunicado.<\/p>\n<p class=\"selectionShareable\">En el comunicado el regulador hizo una breve referencia a la situaci\u00f3n bancaria y asegur\u00f3 que \u201cel sistema bancario estadounidense es s\u00f3lido y resistente\u201d.<\/p>\n<div class=\"noticia__single__enlaces\"><\/div>\n<\/div>\n<p><a href=\"https:\/\/www.primicias.ec\/noticias\/economia\/reserva-federal-estados-unidos-tasas-interes\/\">https:\/\/www.primicias.ec\/noticias\/economia\/reserva-federal-estados-unidos-tasas-interes\/<\/a><\/p>\n","protected":false},"excerpt":{"rendered":"<p>Tras la nueva subida de las tasas de inter\u00e9s, en un contexto de inestabilidad bancaria estadounidense, la FED sugiere una pausa en los aumentos. La Reserva Federal (Fed) de Estados Unidos anunci\u00f3 este 3 de mayo de 2023 una nueva subida de los tipos de inter\u00e9s, de 0,25 puntos, que sit\u00faa las tasas en un rango de entre el 5% y el 5,25% anual. La subida, la d\u00e9cima en el \u00faltimo a\u00f1o, est\u00e1 en l\u00ednea con lo pronosticado por los analistas y llega en un contexto de alta inestabilidad bancaria. En el comunicado, el Comit\u00e9 Federal de Mercado Abierto de la Fed (FOMC, en ingl\u00e9s) no aclar\u00f3 si esta podr\u00eda ser la \u00faltima subida antes de hacer una pausa por la inestabilidad del sistema bancario. \u201cAl evaluar la postura apropiada de la pol\u00edtica monetaria, el comit\u00e9 continuar\u00e1 monitoreando las implicaciones de la informaci\u00f3n entrante para el panorama econ\u00f3mico\u201c, afirm\u00f3 el comunicado. As\u00ed, el FOMC tendr\u00e1 en cuenta \u201cel endurecimiento acumulativo de la pol\u00edtica monetaria, los rezagos con los que la pol\u00edtica monetaria afecta la actividad econ\u00f3mica y la inflaci\u00f3n, y los factores econ\u00f3micos y financieros\u201c. La Fed est\u00e1 \u201cpreparada\u201d para ajustar la postura de la pol\u00edtica monetaria \u201cseg\u00fan corresponda\u201d si \u201csurgen riesgos que podr\u00edan impedir el logro de los objetivos\u201d de llevar la inflaci\u00f3n al 2 %, a\u00f1ade el comunicado. En el comunicado el regulador hizo una breve referencia a la situaci\u00f3n bancaria y asegur\u00f3 que \u201cel sistema bancario estadounidense es s\u00f3lido y resistente\u201d. https:\/\/www.primicias.ec\/noticias\/economia\/reserva-federal-estados-unidos-tasas-interes\/<\/p>\n","protected":false},"author":1,"featured_media":261715,"comment_status":"closed","ping_status":"closed","sticky":false,"template":"","format":"standard","meta":[],"categories":[43,24],"tags":[],"_links":{"self":[{"href":"https:\/\/www.ecuadortimes.net\/es\/wp-json\/wp\/v2\/posts\/261714"}],"collection":[{"href":"https:\/\/www.ecuadortimes.net\/es\/wp-json\/wp\/v2\/posts"}],"about":[{"href":"https:\/\/www.ecuadortimes.net\/es\/wp-json\/wp\/v2\/types\/post"}],"author":[{"embeddable":true,"href":"https:\/\/www.ecuadortimes.net\/es\/wp-json\/wp\/v2\/users\/1"}],"replies":[{"embeddable":true,"href":"https:\/\/www.ecuadortimes.net\/es\/wp-json\/wp\/v2\/comments?post=261714"}],"version-history":[{"count":1,"href":"https:\/\/www.ecuadortimes.net\/es\/wp-json\/wp\/v2\/posts\/261714\/revisions"}],"predecessor-version":[{"id":261716,"href":"https:\/\/www.ecuadortimes.net\/es\/wp-json\/wp\/v2\/posts\/261714\/revisions\/261716"}],"wp:featuredmedia":[{"embeddable":true,"href":"https:\/\/www.ecuadortimes.net\/es\/wp-json\/wp\/v2\/media\/261715"}],"wp:attachment":[{"href":"https:\/\/www.ecuadortimes.net\/es\/wp-json\/wp\/v2\/media?parent=261714"}],"wp:term":[{"taxonomy":"category","embeddable":true,"href":"https:\/\/www.ecuadortimes.net\/es\/wp-json\/wp\/v2\/categories?post=261714"},{"taxonomy":"post_tag","embeddable":true,"href":"https:\/\/www.ecuadortimes.net\/es\/wp-json\/wp\/v2\/tags?post=261714"}],"curies":[{"name":"wp","href":"https:\/\/api.w.org\/{rel}","templated":true}]}}