{"id":261717,"date":"2023-05-05T01:24:38","date_gmt":"2023-05-05T01:24:38","guid":{"rendered":"https:\/\/www.ecuadortimes.net\/es\/?p=261717"},"modified":"2023-05-05T01:24:38","modified_gmt":"2023-05-05T01:24:38","slug":"lider-indigena-ecuatoriano-corona-a-carlos-iii-por-su-amor-a-la-naturaleza","status":"publish","type":"post","link":"https:\/\/www.ecuadortimes.net\/es\/lider-indigena-ecuatoriano-corona-a-carlos-iii-por-su-amor-a-la-naturaleza\/","title":{"rendered":"L\u00edder ind\u00edgena ecuatoriano &#8220;corona&#8221; a Carlos III por su amor a la naturaleza"},"content":{"rendered":"<section class=\"si-detail__content\">Londres, 4 may (EFE).- El l\u00edder achuar ecuatoriano Uyunkar Domingo Peas ofreci\u00f3 este jueves a Carlos III una corona de plumas como reconocimiento a su inter\u00e9s por la naturaleza, durante una audiencia privada antes de que el rey brit\u00e1nico sea coronado oficialmente el s\u00e1bado.<\/section>\n<section class=\"si-detail__content\">\n<div id=\"attachment_261718\" style=\"width: 861px\" class=\"wp-caption alignnone\"><img aria-describedby=\"caption-attachment-261718\" loading=\"lazy\" class=\"size-full wp-image-261718\" src=\"https:\/\/www.ecuadortimes.net\/es\/wp-content\/uploads\/2023\/05\/ecuador-times-ecuador-news-uyuncar-domingo-peas-and-carlos-III-crown-of-feathers-amazons.png\" alt=\"\" width=\"851\" height=\"539\" \/><p id=\"caption-attachment-261718\" class=\"wp-caption-text\">Uyuncar Domingo Peas y Carlos III, corona de plumas, Amazonas.<\/p><\/div>\n<p>El Palacio de Buckingham ha confirmado en un comunicado que el dirigente ind\u00edgena, que lucha por proteger a los pueblos de la Cuenca Sagrada del Amazonas, se reuni\u00f3 con el monarca junto con la fundadora y presidenta de la organizaci\u00f3n sin \u00e1nimo de lucro &#8220;Amazon Watch&#8221;, Atossa Soltani.<\/p>\n<p>Con su ofrenda, Domingo quiso reconocer el compromiso del hijo de Isabel II &#8220;por proteger la selva amaz\u00f3nica y restaurar la armon\u00eda entre humanidad y naturaleza&#8221;, dice la nota palaciega.<\/p>\n<p>El rey de 74 a\u00f1os mantiene desde el pasado martes y hasta el viernes audiencias con l\u00edderes ind\u00edgenas y dirigentes de los pa\u00edses de la Commonwealth (mancomunidad de excolonias y protectorados brit\u00e1nicos), algunos de los cuales asistir\u00e1n tambi\u00e9n a su coronaci\u00f3n en la abad\u00eda de Westminster.<\/p>\n<p>Est\u00e1 previsto que Carlos III, su esposa Camila -que ser\u00e1 coronada tambi\u00e9n el 6 de mayo- y otros miembros de la familia real ofrezcan ma\u00f1ana una recepci\u00f3n para dignatarios extranjeros, seg\u00fan su agenda oficial. EFE<\/p>\n<p>&nbsp;<\/p>\n<\/section>\n<p><a href=\"https:\/\/www.swissinfo.ch\/spa\/r-unido-coronaci%C3%B3n_l%C3%ADder-ind%C3%ADgena-ecuatoriano--corona--a-carlos-iii-por-su-amor-a-la-naturaleza\/48487460\">https:\/\/www.swissinfo.ch\/spa\/r-unido-coronaci%C3%B3n_l%C3%ADder-ind%C3%ADgena-ecuatoriano&#8211;corona&#8211;a-carlos-iii-por-su-amor-a-la-naturaleza\/48487460<\/a><\/p>\n","protected":false},"excerpt":{"rendered":"<p>Londres, 4 may (EFE).- El l\u00edder achuar ecuatoriano Uyunkar Domingo Peas ofreci\u00f3 este jueves a Carlos III una corona de plumas como reconocimiento a su inter\u00e9s por la naturaleza, durante una audiencia privada antes de que el rey brit\u00e1nico sea coronado oficialmente el s\u00e1bado. El Palacio de Buckingham ha confirmado en un comunicado que el dirigente ind\u00edgena, que lucha por proteger a los pueblos de la Cuenca Sagrada del Amazonas, se reuni\u00f3 con el monarca junto con la fundadora y presidenta de la organizaci\u00f3n sin \u00e1nimo de lucro &#8220;Amazon Watch&#8221;, Atossa Soltani. Con su ofrenda, Domingo quiso reconocer el compromiso del hijo de Isabel II &#8220;por proteger la selva amaz\u00f3nica y restaurar la armon\u00eda entre humanidad y naturaleza&#8221;, dice la nota palaciega. El rey de 74 a\u00f1os mantiene desde el pasado martes y hasta el viernes audiencias con l\u00edderes ind\u00edgenas y dirigentes de los pa\u00edses de la Commonwealth (mancomunidad de excolonias y protectorados brit\u00e1nicos), algunos de los cuales asistir\u00e1n tambi\u00e9n a su coronaci\u00f3n en la abad\u00eda de Westminster. Est\u00e1 previsto que Carlos III, su esposa Camila -que ser\u00e1 coronada tambi\u00e9n el 6 de mayo- y otros miembros de la familia real ofrezcan ma\u00f1ana una recepci\u00f3n para dignatarios extranjeros, seg\u00fan su agenda oficial. EFE &nbsp; https:\/\/www.swissinfo.ch\/spa\/r-unido-coronaci%C3%B3n_l%C3%ADder-ind%C3%ADgena-ecuatoriano&#8211;corona&#8211;a-carlos-iii-por-su-amor-a-la-naturaleza\/48487460<\/p>\n","protected":false},"author":1,"featured_media":261718,"comment_status":"closed","ping_status":"closed","sticky":false,"template":"","format":"standard","meta":[],"categories":[35,23],"tags":[],"_links":{"self":[{"href":"https:\/\/www.ecuadortimes.net\/es\/wp-json\/wp\/v2\/posts\/261717"}],"collection":[{"href":"https:\/\/www.ecuadortimes.net\/es\/wp-json\/wp\/v2\/posts"}],"about":[{"href":"https:\/\/www.ecuadortimes.net\/es\/wp-json\/wp\/v2\/types\/post"}],"author":[{"embeddable":true,"href":"https:\/\/www.ecuadortimes.net\/es\/wp-json\/wp\/v2\/users\/1"}],"replies":[{"embeddable":true,"href":"https:\/\/www.ecuadortimes.net\/es\/wp-json\/wp\/v2\/comments?post=261717"}],"version-history":[{"count":1,"href":"https:\/\/www.ecuadortimes.net\/es\/wp-json\/wp\/v2\/posts\/261717\/revisions"}],"predecessor-version":[{"id":261719,"href":"https:\/\/www.ecuadortimes.net\/es\/wp-json\/wp\/v2\/posts\/261717\/revisions\/261719"}],"wp:featuredmedia":[{"embeddable":true,"href":"https:\/\/www.ecuadortimes.net\/es\/wp-json\/wp\/v2\/media\/261718"}],"wp:attachment":[{"href":"https:\/\/www.ecuadortimes.net\/es\/wp-json\/wp\/v2\/media?parent=261717"}],"wp:term":[{"taxonomy":"category","embeddable":true,"href":"https:\/\/www.ecuadortimes.net\/es\/wp-json\/wp\/v2\/categories?post=261717"},{"taxonomy":"post_tag","embeddable":true,"href":"https:\/\/www.ecuadortimes.net\/es\/wp-json\/wp\/v2\/tags?post=261717"}],"curies":[{"name":"wp","href":"https:\/\/api.w.org\/{rel}","templated":true}]}}