{"id":261720,"date":"2023-05-05T01:37:15","date_gmt":"2023-05-05T01:37:15","guid":{"rendered":"https:\/\/www.ecuadortimes.net\/es\/?p=261720"},"modified":"2023-05-05T01:37:15","modified_gmt":"2023-05-05T01:37:15","slug":"un-ecuatoriano-achuar-coronara-al-rey-carlos-iii-del-reino-unido","status":"publish","type":"post","link":"https:\/\/www.ecuadortimes.net\/es\/un-ecuatoriano-achuar-coronara-al-rey-carlos-iii-del-reino-unido\/","title":{"rendered":"Un ecuatoriano achuar &#8216;coronar\u00e1&#8217; al rey Carlos III del Reino Unido"},"content":{"rendered":"<div class=\"entry__content pw-ctt\">\n<p>La coronaci\u00f3n del <strong>rey Carlos III del Reino Unido<\/strong> y de la <strong>reina Camila<\/strong> es el evento m\u00e1s esperado de <strong>mayo de 2023<\/strong>. La cita, que ser\u00e1 este <strong>s\u00e1bado 6<\/strong>, convocar\u00e1 a personajes de todo el mundo y <strong>Ecuador <\/strong>tambi\u00e9n contar\u00e1 con representantes para este evento.<\/p>\n<div id=\"attachment_261721\" style=\"width: 710px\" class=\"wp-caption alignnone\"><img aria-describedby=\"caption-attachment-261721\" loading=\"lazy\" class=\"size-full wp-image-261721\" src=\"https:\/\/www.ecuadortimes.net\/es\/wp-content\/uploads\/2023\/05\/ecuador-times-ecuador-news-an-ecuadorian-achuar-will-crown-king-carlos-iii-of-the-united-kingdom.jpg\" alt=\"\" width=\"700\" height=\"391\" \/><p id=\"caption-attachment-261721\" class=\"wp-caption-text\">Este 6 de mayo ser\u00e1 el evento de coronaci\u00f3n de Carlos III y Camila, en el Reino Unido.<\/p><\/div>\n<p>En una conversaci\u00f3n con medios de comunicaci\u00f3n, el<strong> embajador brit\u00e1nico, Chris Campbell,<\/strong> ha adelantado que en la ceremonia estar\u00e1n representantes del <strong>Ecuador<\/strong>. Uno de ellos ser\u00e1 el canciller <strong>Gustavo Manrique<\/strong>, quien participar\u00e1 como <strong>delegado del Gobierno Nacional<\/strong>.<\/p>\n<p>El otro invitado ecuatoriano a la ceremonia de <strong>coronaci\u00f3n de Carlos III y Camila es Domingo Peas<\/strong>. \u00c9l es un <strong>l\u00edder achuar<\/strong> que participar\u00e1 como <strong>invitado especial a la ceremonia de coronaci\u00f3n<\/strong>. Peas, quien ya est\u00e1 en Londres, llevar<strong>\u00e1 regalos ancestrales<\/strong> elaborados por su comunidad para los nuevos reyes.<\/p>\n<h2 id=\"h-domingo-peas-pondra-una-corona-especial-a-carlos-iii\">Domingo Peas pondr\u00e1 una corona especial a Carlos III<\/h2>\n<p>Pero antes de que <strong>Carlos III<\/strong> llegue a la <strong>Abad\u00eda de Westminster <\/strong>para ser coronado, el s\u00e1bado, el nuevo Rey tendr\u00e1 otra corona entre sus manos este<strong> jueves 4 de mayo de 2023<\/strong>. Se trata de un<strong> tocado de plumas<\/strong> que ser\u00e1 entregado por<strong> Domingo Peas<\/strong> en un <strong>evento que se realizar\u00e1 a las 14:00 (hora de Londres) en el Palacio de Buckingham<\/strong>.<\/p>\n<p>La <strong>corona de plumas<\/strong> es una <strong>muestra de gratitud <\/strong>de los pueblos amaz\u00f3nicos por la contribuci\u00f3n del <strong>rey Carlos III<\/strong> a la conservaci\u00f3n de los <strong>bosques<\/strong>. Tambi\u00e9n simboliza el compromiso que solicitan al nuevo Monarca para mantenerse firme en la defensa de los derechos de la naturaleza y la lucha contra el cambio clim\u00e1tico.<\/p>\n<p>En una entrevista con el medio brit\u00e1nico<strong> The Mirror<\/strong>, <strong>Domingo Peas<\/strong> se\u00f1ala que la corona es \u201cuna se\u00f1al de respeto. Es un honor que se le otorgue a alguien que es una autoridad, que ha estado, en este caso el rey Carlos, muy comprometido con la protecci\u00f3n de la biodiversidad, con la protecci\u00f3n de la naturaleza\u201d.<\/p>\n<div class=\"twitter-tweet twitter-tweet-rendered\" style=\"display: flex; max-width: 550px; width: 100%; margin-top: 10px; margin-bottom: 10px;\"><iframe id=\"twitter-widget-0\" class=\"\" style=\"position: static; visibility: visible; width: 550px; height: 767px; display: block; flex-grow: 1;\" title=\"Twitter Tweet\" src=\"https:\/\/platform.twitter.com\/embed\/Tweet.html?creatorScreenName=elcomerciocom&amp;dnt=false&amp;embedId=twitter-widget-0&amp;features=eyJ0ZndfdGltZWxpbmVfbGlzdCI6eyJidWNrZXQiOltdLCJ2ZXJzaW9uIjpudWxsfSwidGZ3X2ZvbGxvd2VyX2NvdW50X3N1bnNldCI6eyJidWNrZXQiOnRydWUsInZlcnNpb24iOm51bGx9LCJ0ZndfdHdlZXRfZWRpdF9iYWNrZW5kIjp7ImJ1Y2tldCI6Im9uIiwidmVyc2lvbiI6bnVsbH0sInRmd19yZWZzcmNfc2Vzc2lvbiI6eyJidWNrZXQiOiJvbiIsInZlcnNpb24iOm51bGx9LCJ0ZndfZm9zbnJfc29mdF9pbnRlcnZlbnRpb25zX2VuYWJsZWQiOnsiYnVja2V0Ijoib24iLCJ2ZXJzaW9uIjpudWxsfSwidGZ3X21peGVkX21lZGlhXzE1ODk3Ijp7ImJ1Y2tldCI6InRyZWF0bWVudCIsInZlcnNpb24iOm51bGx9LCJ0ZndfZXhwZXJpbWVudHNfY29va2llX2V4cGlyYXRpb24iOnsiYnVja2V0IjoxMjA5NjAwLCJ2ZXJzaW9uIjpudWxsfSwidGZ3X3Nob3dfYmlyZHdhdGNoX3Bpdm90c19lbmFibGVkIjp7ImJ1Y2tldCI6Im9uIiwidmVyc2lvbiI6bnVsbH0sInRmd19kdXBsaWNhdGVfc2NyaWJlc190b19zZXR0aW5ncyI6eyJidWNrZXQiOiJvbiIsInZlcnNpb24iOm51bGx9LCJ0ZndfdXNlX3Byb2ZpbGVfaW1hZ2Vfc2hhcGVfZW5hYmxlZCI6eyJidWNrZXQiOiJvbiIsInZlcnNpb24iOm51bGx9LCJ0ZndfdmlkZW9faGxzX2R5bmFtaWNfbWFuaWZlc3RzXzE1MDgyIjp7ImJ1Y2tldCI6InRydWVfYml0cmF0ZSIsInZlcnNpb24iOm51bGx9LCJ0ZndfbGVnYWN5X3RpbWVsaW5lX3N1bnNldCI6eyJidWNrZXQiOnRydWUsInZlcnNpb24iOm51bGx9LCJ0ZndfdHdlZXRfZWRpdF9mcm9udGVuZCI6eyJidWNrZXQiOiJvbiIsInZlcnNpb24iOm51bGx9fQ%3D%3D&amp;frame=false&amp;hideCard=false&amp;hideThread=false&amp;id=1626631620655448100&amp;lang=es&amp;origin=https%3A%2F%2Fwww.elcomercio.com%2Factualidad%2Fmundo%2Fdomingo-peas-coronacio-rey-carlos.html&amp;sessionId=7a18ba3f6d72ec0a55c804c38c669113bb13c0e8&amp;siteScreenName=elcomerciocom&amp;theme=light&amp;widgetsVersion=aaf4084522e3a%3A1674595607486&amp;width=550px\" frameborder=\"0\" scrolling=\"no\" allowfullscreen=\"allowfullscreen\" data-tweet-id=\"1626631620655448100\"><\/iframe><\/div>\n<p><script async=\"\" src=\"\" charset=\"utf-8\"><\/script><\/p>\n<p>En la audiencia que tendr\u00e1 con <strong>Carlos III<\/strong>, el <strong>l\u00edder achuar<\/strong> espera ponerle la corona de plumas al rey, pero la decisi\u00f3n final ser\u00e1 del monarca. Para \u00e9l, su misi\u00f3n en Londres es profundizar la alianza que <strong>Carlos III<\/strong> mantiene con el medioambiente.<\/p>\n<p>No es la primera vez que se re\u00fane con el monarca brit\u00e1nico. En febrero de 2023, <strong>Carlos III<\/strong> lo recibi\u00f3 en su palacio dentro de una agenda que mantuvo con l\u00edderes ambientalistas de distintas partes del mundo. En ese entonces, <strong>Domingo Peas<\/strong> entreg\u00f3 un collar al Rey.<\/p>\n<\/div>\n<p><a href=\"https:\/\/www.elcomercio.com\/actualidad\/mundo\/domingo-peas-coronacio-rey-carlos.html\">https:\/\/www.elcomercio.com\/actualidad\/mundo\/domingo-peas-coronacio-rey-carlos.html<\/a><\/p>\n","protected":false},"excerpt":{"rendered":"<p>La coronaci\u00f3n del rey Carlos III del Reino Unido y de la reina Camila es el evento m\u00e1s esperado de mayo de 2023. La cita, que ser\u00e1 este s\u00e1bado 6, convocar\u00e1 a personajes de todo el mundo y Ecuador tambi\u00e9n contar\u00e1 con representantes para este evento. En una conversaci\u00f3n con medios de comunicaci\u00f3n, el embajador brit\u00e1nico, Chris Campbell, ha adelantado que en la ceremonia estar\u00e1n representantes del Ecuador. Uno de ellos ser\u00e1 el canciller Gustavo Manrique, quien participar\u00e1 como delegado del Gobierno Nacional. El otro invitado ecuatoriano a la ceremonia de coronaci\u00f3n de Carlos III y Camila es Domingo Peas. \u00c9l es un l\u00edder achuar que participar\u00e1 como invitado especial a la ceremonia de coronaci\u00f3n. Peas, quien ya est\u00e1 en Londres, llevar\u00e1 regalos ancestrales elaborados por su comunidad para los nuevos reyes. Domingo Peas pondr\u00e1 una corona especial a Carlos III Pero antes de que Carlos III llegue a la Abad\u00eda de Westminster para ser coronado, el s\u00e1bado, el nuevo Rey tendr\u00e1 otra corona entre sus manos este jueves 4 de mayo de 2023. Se trata de un tocado de plumas que ser\u00e1 entregado por Domingo Peas en un evento que se realizar\u00e1 a las 14:00 (hora de Londres) en el Palacio de Buckingham. La corona de plumas es una muestra de gratitud de los pueblos amaz\u00f3nicos por la contribuci\u00f3n del rey Carlos III a la conservaci\u00f3n de los bosques. Tambi\u00e9n simboliza el compromiso que solicitan al nuevo Monarca para mantenerse firme en la defensa de los derechos de la naturaleza y la lucha contra el cambio clim\u00e1tico. En una entrevista con el medio brit\u00e1nico The Mirror, Domingo Peas se\u00f1ala que la corona es \u201cuna se\u00f1al de respeto. Es un honor que se le otorgue a alguien que es una autoridad, que ha estado, en este caso el rey Carlos, muy comprometido con la protecci\u00f3n de la biodiversidad, con la protecci\u00f3n de la naturaleza\u201d. En la audiencia que tendr\u00e1 con Carlos III, el l\u00edder achuar espera ponerle la corona de plumas al rey, pero la decisi\u00f3n final ser\u00e1 del monarca. Para \u00e9l, su misi\u00f3n en Londres es profundizar la alianza que Carlos III mantiene con el medioambiente. No es la primera vez que se re\u00fane con el monarca brit\u00e1nico. En febrero de 2023, Carlos III lo recibi\u00f3 en su palacio dentro de una agenda que mantuvo con l\u00edderes ambientalistas de distintas partes del mundo. En ese entonces, Domingo Peas entreg\u00f3 un collar al Rey. https:\/\/www.elcomercio.com\/actualidad\/mundo\/domingo-peas-coronacio-rey-carlos.html<\/p>\n","protected":false},"author":1,"featured_media":261721,"comment_status":"closed","ping_status":"closed","sticky":false,"template":"","format":"standard","meta":[],"categories":[35,24],"tags":[],"_links":{"self":[{"href":"https:\/\/www.ecuadortimes.net\/es\/wp-json\/wp\/v2\/posts\/261720"}],"collection":[{"href":"https:\/\/www.ecuadortimes.net\/es\/wp-json\/wp\/v2\/posts"}],"about":[{"href":"https:\/\/www.ecuadortimes.net\/es\/wp-json\/wp\/v2\/types\/post"}],"author":[{"embeddable":true,"href":"https:\/\/www.ecuadortimes.net\/es\/wp-json\/wp\/v2\/users\/1"}],"replies":[{"embeddable":true,"href":"https:\/\/www.ecuadortimes.net\/es\/wp-json\/wp\/v2\/comments?post=261720"}],"version-history":[{"count":1,"href":"https:\/\/www.ecuadortimes.net\/es\/wp-json\/wp\/v2\/posts\/261720\/revisions"}],"predecessor-version":[{"id":261722,"href":"https:\/\/www.ecuadortimes.net\/es\/wp-json\/wp\/v2\/posts\/261720\/revisions\/261722"}],"wp:featuredmedia":[{"embeddable":true,"href":"https:\/\/www.ecuadortimes.net\/es\/wp-json\/wp\/v2\/media\/261721"}],"wp:attachment":[{"href":"https:\/\/www.ecuadortimes.net\/es\/wp-json\/wp\/v2\/media?parent=261720"}],"wp:term":[{"taxonomy":"category","embeddable":true,"href":"https:\/\/www.ecuadortimes.net\/es\/wp-json\/wp\/v2\/categories?post=261720"},{"taxonomy":"post_tag","embeddable":true,"href":"https:\/\/www.ecuadortimes.net\/es\/wp-json\/wp\/v2\/tags?post=261720"}],"curies":[{"name":"wp","href":"https:\/\/api.w.org\/{rel}","templated":true}]}}