{"id":261729,"date":"2023-05-08T22:52:44","date_gmt":"2023-05-08T22:52:44","guid":{"rendered":"https:\/\/www.ecuadortimes.net\/es\/?p=261729"},"modified":"2023-05-08T22:52:44","modified_gmt":"2023-05-08T22:52:44","slug":"cerca-de-4-toneladas-de-cocaina-decomiso-la-policia-en-guayaquil","status":"publish","type":"post","link":"https:\/\/www.ecuadortimes.net\/es\/cerca-de-4-toneladas-de-cocaina-decomiso-la-policia-en-guayaquil\/","title":{"rendered":"Cerca de 4 toneladas de coca\u00edna decomis\u00f3 la Polic\u00eda en Guayaquil"},"content":{"rendered":"<div class=\"itemFullText\">\n<p>M\u00e1s de 37 millones de dosis de droga fueron retiradas del mercado tras un operativo realizado por personal del eje investigativo de la Polic\u00eda Nacional. La operaci\u00f3n se realiz\u00f3 en el Distrito Metropolitano de Guayaquil, que tambi\u00e9n permiti\u00f3 la detenci\u00f3n de tres ciudadanos que aparentemente formar\u00edan parte de una organizaci\u00f3n narcodelictiva.<\/p>\n<div id=\"attachment_261730\" style=\"width: 1210px\" class=\"wp-caption alignnone\"><img aria-describedby=\"caption-attachment-261730\" loading=\"lazy\" class=\"size-full wp-image-261730\" src=\"https:\/\/www.ecuadortimes.net\/es\/wp-content\/uploads\/2023\/05\/ecuador-times-ecuador-news-about-4-tons-of-cocaine-seized-by-the-police-in-guayaquil.jpg\" alt=\"\" width=\"1200\" height=\"810\" srcset=\"https:\/\/www.ecuadortimes.net\/es\/wp-content\/uploads\/2023\/05\/ecuador-times-ecuador-news-about-4-tons-of-cocaine-seized-by-the-police-in-guayaquil.jpg 1200w, https:\/\/www.ecuadortimes.net\/es\/wp-content\/uploads\/2023\/05\/ecuador-times-ecuador-news-about-4-tons-of-cocaine-seized-by-the-police-in-guayaquil-75x52.jpg 75w\" sizes=\"(max-width: 1200px) 100vw, 1200px\" \/><p id=\"caption-attachment-261730\" class=\"wp-caption-text\">La Polic\u00eda inform\u00f3 que, durante el operativo tambi\u00e9n se incaut\u00f3 un fusil, un veh\u00edculo, dinero en efectivo y celulares.<\/p><\/div>\n<p>Las dosis correspond\u00edan a cerca de 4 toneladas de clorhidrato de coca\u00edna que estaban distribuidas en 70 bultos y 3.736 paquetes. Los mismos se almacenaban en un domicilio ubicado en el sector de Guayacanes para, posteriormente, ser enviados hacia otros destinos en el exterior.<\/p>\n<p>La Polic\u00eda inform\u00f3 que, durante el operativo tambi\u00e9n se incaut\u00f3 un fusil, un veh\u00edculo, dinero en efectivo y celulares. Estos art\u00edculos son parte de las evidencias dentro del proceso que se inici\u00f3 por tr\u00e1fico de sustancias sujetas a fiscalizaci\u00f3n a gran escala.<\/p>\n<div class=\"twitter-tweet twitter-tweet-rendered\" style=\"display: flex; max-width: 550px; width: 100%; margin-top: 10px; margin-bottom: 10px;\"><iframe id=\"twitter-widget-1\" class=\"\" style=\"position: static; visibility: visible; width: 550px; height: 727px; display: block; flex-grow: 1;\" title=\"Twitter Tweet\" src=\"https:\/\/platform.twitter.com\/embed\/Tweet.html?creatorScreenName=el_telegrafo&amp;dnt=false&amp;embedId=twitter-widget-1&amp;features=eyJ0ZndfdGltZWxpbmVfbGlzdCI6eyJidWNrZXQiOltdLCJ2ZXJzaW9uIjpudWxsfSwidGZ3X2ZvbGxvd2VyX2NvdW50X3N1bnNldCI6eyJidWNrZXQiOnRydWUsInZlcnNpb24iOm51bGx9LCJ0ZndfdHdlZXRfZWRpdF9iYWNrZW5kIjp7ImJ1Y2tldCI6Im9uIiwidmVyc2lvbiI6bnVsbH0sInRmd19yZWZzcmNfc2Vzc2lvbiI6eyJidWNrZXQiOiJvbiIsInZlcnNpb24iOm51bGx9LCJ0ZndfZm9zbnJfc29mdF9pbnRlcnZlbnRpb25zX2VuYWJsZWQiOnsiYnVja2V0Ijoib24iLCJ2ZXJzaW9uIjpudWxsfSwidGZ3X21peGVkX21lZGlhXzE1ODk3Ijp7ImJ1Y2tldCI6InRyZWF0bWVudCIsInZlcnNpb24iOm51bGx9LCJ0ZndfZXhwZXJpbWVudHNfY29va2llX2V4cGlyYXRpb24iOnsiYnVja2V0IjoxMjA5NjAwLCJ2ZXJzaW9uIjpudWxsfSwidGZ3X3Nob3dfYmlyZHdhdGNoX3Bpdm90c19lbmFibGVkIjp7ImJ1Y2tldCI6Im9uIiwidmVyc2lvbiI6bnVsbH0sInRmd19kdXBsaWNhdGVfc2NyaWJlc190b19zZXR0aW5ncyI6eyJidWNrZXQiOiJvbiIsInZlcnNpb24iOm51bGx9LCJ0ZndfdXNlX3Byb2ZpbGVfaW1hZ2Vfc2hhcGVfZW5hYmxlZCI6eyJidWNrZXQiOiJvbiIsInZlcnNpb24iOm51bGx9LCJ0ZndfdmlkZW9faGxzX2R5bmFtaWNfbWFuaWZlc3RzXzE1MDgyIjp7ImJ1Y2tldCI6InRydWVfYml0cmF0ZSIsInZlcnNpb24iOm51bGx9LCJ0ZndfbGVnYWN5X3RpbWVsaW5lX3N1bnNldCI6eyJidWNrZXQiOnRydWUsInZlcnNpb24iOm51bGx9LCJ0ZndfdHdlZXRfZWRpdF9mcm9udGVuZCI6eyJidWNrZXQiOiJvbiIsInZlcnNpb24iOm51bGx9fQ%3D%3D&amp;frame=false&amp;hideCard=false&amp;hideThread=false&amp;id=1655233456178176003&amp;lang=es&amp;origin=https%3A%2F%2Fwww.eltelegrafo.com.ec%2Fnoticias%2Factualidad%2F44%2F4-toneladas-de-cocaina-decomiso-la-policia-en-guayaquil&amp;sessionId=82d1aabb7116ab291f3cb1c45541024c403a4f12&amp;siteScreenName=el_telegrafo&amp;theme=light&amp;widgetsVersion=aaf4084522e3a%3A1674595607486&amp;width=550px\" frameborder=\"0\" scrolling=\"no\" allowfullscreen=\"allowfullscreen\" data-tweet-id=\"1655233456178176003\"><\/iframe><\/div>\n<p><script src=\"https:\/\/platform.twitter.com\/widgets.js\"><\/script><\/p>\n<\/div>\n<p><a href=\"https:\/\/www.eltelegrafo.com.ec\/noticias\/actualidad\/44\/4-toneladas-de-cocaina-decomiso-la-policia-en-guayaquil\">https:\/\/www.eltelegrafo.com.ec\/noticias\/actualidad\/44\/4-toneladas-de-cocaina-decomiso-la-policia-en-guayaquil<\/a><\/p>\n","protected":false},"excerpt":{"rendered":"<p>M\u00e1s de 37 millones de dosis de droga fueron retiradas del mercado tras un operativo realizado por personal del eje investigativo de la Polic\u00eda Nacional. La operaci\u00f3n se realiz\u00f3 en el Distrito Metropolitano de Guayaquil, que tambi\u00e9n permiti\u00f3 la detenci\u00f3n de tres ciudadanos que aparentemente formar\u00edan parte de una organizaci\u00f3n narcodelictiva. Las dosis correspond\u00edan a cerca de 4 toneladas de clorhidrato de coca\u00edna que estaban distribuidas en 70 bultos y 3.736 paquetes. Los mismos se almacenaban en un domicilio ubicado en el sector de Guayacanes para, posteriormente, ser enviados hacia otros destinos en el exterior. La Polic\u00eda inform\u00f3 que, durante el operativo tambi\u00e9n se incaut\u00f3 un fusil, un veh\u00edculo, dinero en efectivo y celulares. Estos art\u00edculos son parte de las evidencias dentro del proceso que se inici\u00f3 por tr\u00e1fico de sustancias sujetas a fiscalizaci\u00f3n a gran escala. https:\/\/www.eltelegrafo.com.ec\/noticias\/actualidad\/44\/4-toneladas-de-cocaina-decomiso-la-policia-en-guayaquil<\/p>\n","protected":false},"author":1,"featured_media":261730,"comment_status":"closed","ping_status":"closed","sticky":false,"template":"","format":"standard","meta":[],"categories":[35,23],"tags":[],"_links":{"self":[{"href":"https:\/\/www.ecuadortimes.net\/es\/wp-json\/wp\/v2\/posts\/261729"}],"collection":[{"href":"https:\/\/www.ecuadortimes.net\/es\/wp-json\/wp\/v2\/posts"}],"about":[{"href":"https:\/\/www.ecuadortimes.net\/es\/wp-json\/wp\/v2\/types\/post"}],"author":[{"embeddable":true,"href":"https:\/\/www.ecuadortimes.net\/es\/wp-json\/wp\/v2\/users\/1"}],"replies":[{"embeddable":true,"href":"https:\/\/www.ecuadortimes.net\/es\/wp-json\/wp\/v2\/comments?post=261729"}],"version-history":[{"count":1,"href":"https:\/\/www.ecuadortimes.net\/es\/wp-json\/wp\/v2\/posts\/261729\/revisions"}],"predecessor-version":[{"id":261731,"href":"https:\/\/www.ecuadortimes.net\/es\/wp-json\/wp\/v2\/posts\/261729\/revisions\/261731"}],"wp:featuredmedia":[{"embeddable":true,"href":"https:\/\/www.ecuadortimes.net\/es\/wp-json\/wp\/v2\/media\/261730"}],"wp:attachment":[{"href":"https:\/\/www.ecuadortimes.net\/es\/wp-json\/wp\/v2\/media?parent=261729"}],"wp:term":[{"taxonomy":"category","embeddable":true,"href":"https:\/\/www.ecuadortimes.net\/es\/wp-json\/wp\/v2\/categories?post=261729"},{"taxonomy":"post_tag","embeddable":true,"href":"https:\/\/www.ecuadortimes.net\/es\/wp-json\/wp\/v2\/tags?post=261729"}],"curies":[{"name":"wp","href":"https:\/\/api.w.org\/{rel}","templated":true}]}}