{"id":261732,"date":"2023-05-08T22:58:43","date_gmt":"2023-05-08T22:58:43","guid":{"rendered":"https:\/\/www.ecuadortimes.net\/es\/?p=261732"},"modified":"2023-05-08T22:58:43","modified_gmt":"2023-05-08T22:58:43","slug":"radiacion-ultravioleta-extremadamente-alta-en-cuatro-provincias-del-pais","status":"publish","type":"post","link":"https:\/\/www.ecuadortimes.net\/es\/radiacion-ultravioleta-extremadamente-alta-en-cuatro-provincias-del-pais\/","title":{"rendered":"Radiaci\u00f3n Ultravioleta extremadamente alta en cuatro provincias del pa\u00eds"},"content":{"rendered":"<div class=\"itemFullText\">\n<p>El Instituto Nacional de Meteorolog\u00eda e Hidrolog\u00eda (Inamhi) advirti\u00f3 que para este lunes, 8 de mayo de 2023, la radiaci\u00f3n ultravioleta ser\u00e1 extremadamente alta en las provincias de Pichincha, Imbabura, Santa Elena y en buena parte de Manab\u00ed.<\/p>\n<p><img loading=\"lazy\" class=\"alignnone size-full wp-image-261733\" src=\"https:\/\/www.ecuadortimes.net\/es\/wp-content\/uploads\/2023\/05\/ecuador-times-ecuador-news-extremely-high-uv-radiation-in-four-provinces-of-the-country.jpg\" alt=\"\" width=\"1200\" height=\"810\" srcset=\"https:\/\/www.ecuadortimes.net\/es\/wp-content\/uploads\/2023\/05\/ecuador-times-ecuador-news-extremely-high-uv-radiation-in-four-provinces-of-the-country.jpg 1200w, https:\/\/www.ecuadortimes.net\/es\/wp-content\/uploads\/2023\/05\/ecuador-times-ecuador-news-extremely-high-uv-radiation-in-four-provinces-of-the-country-75x52.jpg 75w\" sizes=\"(max-width: 1200px) 100vw, 1200px\" \/><\/p>\n<p>Esto significa que la ciudadan\u00eda deber\u00e1 protegerse del sol, sobre todo, entre las 10:00 y 16:00, tiempo en el que la afectaci\u00f3n por los rayos solares es mayor.<\/p>\n<p>Si debe salir y exponerse al sol recuerde llevar una gorra, una sombrilla y aplicarse bloqueador solar unos 10 minutos antes de la exposici\u00f3n.<\/p>\n<p>En provincias como Carchi, Cotopaxi, Bol\u00edvar, Los R\u00edos, Guayas, El Oro, Esmeraldas, Sucumb\u00edos, Orellana y Pastaza, se prev\u00e9 que el \u00edndice sea muy alto por lo que se recomienda evitar exponerse al sol por per\u00edodos largo y el uso de gorra, gafas y bloqueador. En las provincias restantes del pa\u00eds la radiaci\u00f3n ser\u00e1 alta.<\/p>\n<p>Otras de las recomendaciones para este tipo de condiciones de radiaci\u00f3n son: utilizar ropa de manga larga y de algod\u00f3n y evitar, en lo posible, la exposici\u00f3n por largos periodos de tiempo.<\/p>\n<div class=\"twitter-tweet twitter-tweet-rendered\" style=\"display: flex; max-width: 550px; width: 100%; margin-top: 10px; margin-bottom: 10px;\"><iframe id=\"twitter-widget-1\" class=\"\" style=\"position: static; visibility: visible; width: 550px; height: 850px; display: block; flex-grow: 1;\" title=\"Twitter Tweet\" src=\"https:\/\/platform.twitter.com\/embed\/Tweet.html?creatorScreenName=el_telegrafo&amp;dnt=false&amp;embedId=twitter-widget-1&amp;features=eyJ0ZndfdGltZWxpbmVfbGlzdCI6eyJidWNrZXQiOltdLCJ2ZXJzaW9uIjpudWxsfSwidGZ3X2ZvbGxvd2VyX2NvdW50X3N1bnNldCI6eyJidWNrZXQiOnRydWUsInZlcnNpb24iOm51bGx9LCJ0ZndfdHdlZXRfZWRpdF9iYWNrZW5kIjp7ImJ1Y2tldCI6Im9uIiwidmVyc2lvbiI6bnVsbH0sInRmd19yZWZzcmNfc2Vzc2lvbiI6eyJidWNrZXQiOiJvbiIsInZlcnNpb24iOm51bGx9LCJ0ZndfZm9zbnJfc29mdF9pbnRlcnZlbnRpb25zX2VuYWJsZWQiOnsiYnVja2V0Ijoib24iLCJ2ZXJzaW9uIjpudWxsfSwidGZ3X21peGVkX21lZGlhXzE1ODk3Ijp7ImJ1Y2tldCI6InRyZWF0bWVudCIsInZlcnNpb24iOm51bGx9LCJ0ZndfZXhwZXJpbWVudHNfY29va2llX2V4cGlyYXRpb24iOnsiYnVja2V0IjoxMjA5NjAwLCJ2ZXJzaW9uIjpudWxsfSwidGZ3X3Nob3dfYmlyZHdhdGNoX3Bpdm90c19lbmFibGVkIjp7ImJ1Y2tldCI6Im9uIiwidmVyc2lvbiI6bnVsbH0sInRmd19kdXBsaWNhdGVfc2NyaWJlc190b19zZXR0aW5ncyI6eyJidWNrZXQiOiJvbiIsInZlcnNpb24iOm51bGx9LCJ0ZndfdXNlX3Byb2ZpbGVfaW1hZ2Vfc2hhcGVfZW5hYmxlZCI6eyJidWNrZXQiOiJvbiIsInZlcnNpb24iOm51bGx9LCJ0ZndfdmlkZW9faGxzX2R5bmFtaWNfbWFuaWZlc3RzXzE1MDgyIjp7ImJ1Y2tldCI6InRydWVfYml0cmF0ZSIsInZlcnNpb24iOm51bGx9LCJ0ZndfbGVnYWN5X3RpbWVsaW5lX3N1bnNldCI6eyJidWNrZXQiOnRydWUsInZlcnNpb24iOm51bGx9LCJ0ZndfdHdlZXRfZWRpdF9mcm9udGVuZCI6eyJidWNrZXQiOiJvbiIsInZlcnNpb24iOm51bGx9fQ%3D%3D&amp;frame=false&amp;hideCard=false&amp;hideThread=false&amp;id=1655329027069034499&amp;lang=es&amp;origin=https%3A%2F%2Fwww.eltelegrafo.com.ec%2Fnoticias%2Factualidad%2F44%2Fradiacion-ultravioleta-extremadamente-alta-en-cuatro-provincias-del-pais&amp;sessionId=3b301fd41ecf43389d7f69193a1079a7ed15805a&amp;siteScreenName=el_telegrafo&amp;theme=light&amp;widgetsVersion=aaf4084522e3a%3A1674595607486&amp;width=550px\" frameborder=\"0\" scrolling=\"no\" allowfullscreen=\"allowfullscreen\" data-tweet-id=\"1655329027069034499\"><\/iframe><\/div>\n<p><script src=\"https:\/\/platform.twitter.com\/widgets.js\"><\/script><\/p>\n<\/div>\n<p><a href=\"https:\/\/www.eltelegrafo.com.ec\/noticias\/actualidad\/44\/radiacion-ultravioleta-extremadamente-alta-en-cuatro-provincias-del-pais\">https:\/\/www.eltelegrafo.com.ec\/noticias\/actualidad\/44\/radiacion-ultravioleta-extremadamente-alta-en-cuatro-provincias-del-pais<\/a><\/p>\n","protected":false},"excerpt":{"rendered":"<p>El Instituto Nacional de Meteorolog\u00eda e Hidrolog\u00eda (Inamhi) advirti\u00f3 que para este lunes, 8 de mayo de 2023, la radiaci\u00f3n ultravioleta ser\u00e1 extremadamente alta en las provincias de Pichincha, Imbabura, Santa Elena y en buena parte de Manab\u00ed. Esto significa que la ciudadan\u00eda deber\u00e1 protegerse del sol, sobre todo, entre las 10:00 y 16:00, tiempo en el que la afectaci\u00f3n por los rayos solares es mayor. Si debe salir y exponerse al sol recuerde llevar una gorra, una sombrilla y aplicarse bloqueador solar unos 10 minutos antes de la exposici\u00f3n. En provincias como Carchi, Cotopaxi, Bol\u00edvar, Los R\u00edos, Guayas, El Oro, Esmeraldas, Sucumb\u00edos, Orellana y Pastaza, se prev\u00e9 que el \u00edndice sea muy alto por lo que se recomienda evitar exponerse al sol por per\u00edodos largo y el uso de gorra, gafas y bloqueador. En las provincias restantes del pa\u00eds la radiaci\u00f3n ser\u00e1 alta. Otras de las recomendaciones para este tipo de condiciones de radiaci\u00f3n son: utilizar ropa de manga larga y de algod\u00f3n y evitar, en lo posible, la exposici\u00f3n por largos periodos de tiempo. https:\/\/www.eltelegrafo.com.ec\/noticias\/actualidad\/44\/radiacion-ultravioleta-extremadamente-alta-en-cuatro-provincias-del-pais<\/p>\n","protected":false},"author":1,"featured_media":261733,"comment_status":"closed","ping_status":"closed","sticky":false,"template":"","format":"standard","meta":[],"categories":[35,24],"tags":[],"_links":{"self":[{"href":"https:\/\/www.ecuadortimes.net\/es\/wp-json\/wp\/v2\/posts\/261732"}],"collection":[{"href":"https:\/\/www.ecuadortimes.net\/es\/wp-json\/wp\/v2\/posts"}],"about":[{"href":"https:\/\/www.ecuadortimes.net\/es\/wp-json\/wp\/v2\/types\/post"}],"author":[{"embeddable":true,"href":"https:\/\/www.ecuadortimes.net\/es\/wp-json\/wp\/v2\/users\/1"}],"replies":[{"embeddable":true,"href":"https:\/\/www.ecuadortimes.net\/es\/wp-json\/wp\/v2\/comments?post=261732"}],"version-history":[{"count":1,"href":"https:\/\/www.ecuadortimes.net\/es\/wp-json\/wp\/v2\/posts\/261732\/revisions"}],"predecessor-version":[{"id":261734,"href":"https:\/\/www.ecuadortimes.net\/es\/wp-json\/wp\/v2\/posts\/261732\/revisions\/261734"}],"wp:featuredmedia":[{"embeddable":true,"href":"https:\/\/www.ecuadortimes.net\/es\/wp-json\/wp\/v2\/media\/261733"}],"wp:attachment":[{"href":"https:\/\/www.ecuadortimes.net\/es\/wp-json\/wp\/v2\/media?parent=261732"}],"wp:term":[{"taxonomy":"category","embeddable":true,"href":"https:\/\/www.ecuadortimes.net\/es\/wp-json\/wp\/v2\/categories?post=261732"},{"taxonomy":"post_tag","embeddable":true,"href":"https:\/\/www.ecuadortimes.net\/es\/wp-json\/wp\/v2\/tags?post=261732"}],"curies":[{"name":"wp","href":"https:\/\/api.w.org\/{rel}","templated":true}]}}