{"id":262893,"date":"2024-02-17T01:58:53","date_gmt":"2024-02-17T01:58:53","guid":{"rendered":"https:\/\/www.ecuadortimes.net\/es\/?p=262893"},"modified":"2024-02-17T01:58:53","modified_gmt":"2024-02-17T01:58:53","slug":"rusia-levanta-el-veto-a-exportadoras-de-banano-de-ecuador","status":"publish","type":"post","link":"https:\/\/www.ecuadortimes.net\/es\/rusia-levanta-el-veto-a-exportadoras-de-banano-de-ecuador\/","title":{"rendered":"Rusia levanta el veto a exportadoras de banano de Ecuador"},"content":{"rendered":"<div id=\"entry-content-inarticle\" class=\"entry-content\">\n<h3 class=\"noticia__entradilla\">El Servicio Federal de Control Veterinario y Fitosanitario de Rusia levant\u00f3 la suspensi\u00f3n a cinco empresas exportadoras de banano de Ecuador.<\/h3>\n<div id=\"attachment_262894\" style=\"width: 1130px\" class=\"wp-caption alignnone\"><img aria-describedby=\"caption-attachment-262894\" loading=\"lazy\" class=\"size-full wp-image-262894\" src=\"https:\/\/www.ecuadortimes.net\/es\/wp-content\/uploads\/2024\/02\/ecuador-times-ecuador-news-russia-lifts-veto-on-banana-exporters-from-ecuador.jpg\" alt=\"ecuador-times-ecuador-news-russia-lifts-veto-on-banana-exporters-from-ecuador\" width=\"1120\" height=\"650\" \/><p id=\"caption-attachment-262894\" class=\"wp-caption-text\">Imagen referencial de lavado de banano de exportaci\u00f3n.<\/p><\/div>\n<p class=\"selectionShareable\">La Canciller\u00eda del Ecuador inform\u00f3 el viernes 16 de febrero que el Servicio Federal de Control Veterinario y Fitosanitario de Rusia ha<strong> levantado las restricciones<\/strong> a cinco exportadoras de banano ecuatorianas.<\/p>\n<p class=\"selectionShareable\">En un video compartido por la Canciller\u00eda,<strong> Juan Fernando Holgu\u00edn Flores<\/strong>, embajador de Ecuador en Rusia, expres\u00f3 que esta decisi\u00f3n &#8220;es una muestra de la importancia del <strong>di\u00e1logo que debe existir <\/strong>en todo momento entre dos pa\u00edses&#8221;.<\/p>\n<figure class=\"wp-block-embed is-type-rich is-provider-twitter wp-block-embed-twitter\">\n<div class=\"wp-block-embed__wrapper\">\n<div class=\"twitter-tweet twitter-tweet-rendered\" style=\"display: flex; max-width: 500px; width: 100%; margin-top: 10px; margin-bottom: 10px;\"><iframe id=\"twitter-widget-0\" class=\"\" style=\"position: static; visibility: visible; width: 500px; height: 849px; display: block; flex-grow: 1;\" title=\"X Post\" src=\"https:\/\/platform.twitter.com\/embed\/Tweet.html?dnt=true&amp;embedId=twitter-widget-0&amp;features=eyJ0ZndfdGltZWxpbmVfbGlzdCI6eyJidWNrZXQiOltdLCJ2ZXJzaW9uIjpudWxsfSwidGZ3X2ZvbGxvd2VyX2NvdW50X3N1bnNldCI6eyJidWNrZXQiOnRydWUsInZlcnNpb24iOm51bGx9LCJ0ZndfdHdlZXRfZWRpdF9iYWNrZW5kIjp7ImJ1Y2tldCI6Im9uIiwidmVyc2lvbiI6bnVsbH0sInRmd19yZWZzcmNfc2Vzc2lvbiI6eyJidWNrZXQiOiJvbiIsInZlcnNpb24iOm51bGx9LCJ0ZndfZm9zbnJfc29mdF9pbnRlcnZlbnRpb25zX2VuYWJsZWQiOnsiYnVja2V0Ijoib24iLCJ2ZXJzaW9uIjpudWxsfSwidGZ3X21peGVkX21lZGlhXzE1ODk3Ijp7ImJ1Y2tldCI6InRyZWF0bWVudCIsInZlcnNpb24iOm51bGx9LCJ0ZndfZXhwZXJpbWVudHNfY29va2llX2V4cGlyYXRpb24iOnsiYnVja2V0IjoxMjA5NjAwLCJ2ZXJzaW9uIjpudWxsfSwidGZ3X3Nob3dfYmlyZHdhdGNoX3Bpdm90c19lbmFibGVkIjp7ImJ1Y2tldCI6Im9uIiwidmVyc2lvbiI6bnVsbH0sInRmd19kdXBsaWNhdGVfc2NyaWJlc190b19zZXR0aW5ncyI6eyJidWNrZXQiOiJvbiIsInZlcnNpb24iOm51bGx9LCJ0ZndfdXNlX3Byb2ZpbGVfaW1hZ2Vfc2hhcGVfZW5hYmxlZCI6eyJidWNrZXQiOiJvbiIsInZlcnNpb24iOm51bGx9LCJ0ZndfdmlkZW9faGxzX2R5bmFtaWNfbWFuaWZlc3RzXzE1MDgyIjp7ImJ1Y2tldCI6InRydWVfYml0cmF0ZSIsInZlcnNpb24iOm51bGx9LCJ0ZndfbGVnYWN5X3RpbWVsaW5lX3N1bnNldCI6eyJidWNrZXQiOnRydWUsInZlcnNpb24iOm51bGx9LCJ0ZndfdHdlZXRfZWRpdF9mcm9udGVuZCI6eyJidWNrZXQiOiJvbiIsInZlcnNpb24iOm51bGx9fQ%3D%3D&amp;frame=false&amp;hideCard=false&amp;hideThread=false&amp;id=1758459884847112238&amp;lang=es&amp;origin=https%3A%2F%2Fwww.primicias.ec%2Fnoticias%2Feconomia%2Frusia-levanta-veto-banano-ecuador%2F&amp;sessionId=f95d60b25150ae911c8a6e4003573f731769b971&amp;siteScreenName=primicias&amp;theme=light&amp;widgetsVersion=2615f7e52b7e0%3A1702314776716&amp;width=500px\" frameborder=\"0\" scrolling=\"no\" allowfullscreen=\"allowfullscreen\" data-tweet-id=\"1758459884847112238\"><\/iframe><\/div>\n<p><script async=\"\" src=\"https:\/\/platform.twitter.com\/widgets.js\" charset=\"utf-8\"><\/script><\/p>\n<\/div>\n<\/figure>\n<p class=\"selectionShareable\">Un d\u00eda antes, el Ministerio de Relaciones Exteriores de Ecuador anunci\u00f3 que una misi\u00f3n de autoridades viajar\u00eda a Rusia para tratar la suspensi\u00f3n a las empresas ecuatorianas.<\/p>\n<p class=\"selectionShareable\">Una suspensi\u00f3n en medio de un impasse diplom\u00e1tico<\/p>\n<p class=\"selectionShareable\">El pasado 2 de febrero, la autoridad fitosanitaria rusa solicit\u00f3 al ministro de Agricultura de Ecuador, Franklin Palacios, <strong>suspender a cinco exportadoras de banano.<\/strong><\/p>\n<p class=\"selectionShareable\">Rusia argument\u00f3 una presunta detecci\u00f3n sistem\u00e1tica de la<strong> mosca Megaselia scalaris<\/strong>, conocida como mosca jorobada y portadora del c\u00f3lera, en el banano ecuatoriano. Se trata de una plaga &#8220;considerada peligrosa para Rusia y los pa\u00edses de la Uni\u00f3n Econ\u00f3mica Euroasi\u00e1tica&#8221;.<\/p>\n<p class=\"selectionShareable\">Ese veto afect\u00f3 al <strong>25% del total de las exportaciones<\/strong> de la fruta hacia Rusia, que es el principal destino del banano nacional.<\/p>\n<p class=\"selectionShareable\">La suspensi\u00f3n ocurri\u00f3 en medio de un impasse diplom\u00e1tico entre los dos pa\u00edses, debido a que el Gobierno de Ecuador anunci\u00f3 que<strong> entregar\u00e1 a Estados Unidos armas donadas por Rusia<\/strong>, para que sean enviadas a Ucrania.<\/p>\n<p class=\"selectionShareable\">El gobierno ruso hizo p\u00fablico su malestar por esa intenci\u00f3n, a la que calific\u00f3 de una decisi\u00f3n &#8220;irreflexiva&#8221;. Aunque en ning\u00fan momento el comunicado ruso habla de retaliaciones en el plano econ\u00f3mico.<\/p>\n<figure class=\"wp-block-embed is-type-rich is-provider-twitter wp-block-embed-twitter\">\n<div class=\"wp-block-embed__wrapper\">\n<div class=\"twitter-tweet twitter-tweet-rendered\" style=\"display: flex; max-width: 500px; width: 100%; margin-top: 10px; margin-bottom: 10px;\"><iframe id=\"twitter-widget-1\" class=\"\" style=\"position: static; visibility: visible; width: 500px; height: 838px; display: block; flex-grow: 1;\" title=\"X Post\" src=\"https:\/\/platform.twitter.com\/embed\/Tweet.html?dnt=true&amp;embedId=twitter-widget-1&amp;features=eyJ0ZndfdGltZWxpbmVfbGlzdCI6eyJidWNrZXQiOltdLCJ2ZXJzaW9uIjpudWxsfSwidGZ3X2ZvbGxvd2VyX2NvdW50X3N1bnNldCI6eyJidWNrZXQiOnRydWUsInZlcnNpb24iOm51bGx9LCJ0ZndfdHdlZXRfZWRpdF9iYWNrZW5kIjp7ImJ1Y2tldCI6Im9uIiwidmVyc2lvbiI6bnVsbH0sInRmd19yZWZzcmNfc2Vzc2lvbiI6eyJidWNrZXQiOiJvbiIsInZlcnNpb24iOm51bGx9LCJ0ZndfZm9zbnJfc29mdF9pbnRlcnZlbnRpb25zX2VuYWJsZWQiOnsiYnVja2V0Ijoib24iLCJ2ZXJzaW9uIjpudWxsfSwidGZ3X21peGVkX21lZGlhXzE1ODk3Ijp7ImJ1Y2tldCI6InRyZWF0bWVudCIsInZlcnNpb24iOm51bGx9LCJ0ZndfZXhwZXJpbWVudHNfY29va2llX2V4cGlyYXRpb24iOnsiYnVja2V0IjoxMjA5NjAwLCJ2ZXJzaW9uIjpudWxsfSwidGZ3X3Nob3dfYmlyZHdhdGNoX3Bpdm90c19lbmFibGVkIjp7ImJ1Y2tldCI6Im9uIiwidmVyc2lvbiI6bnVsbH0sInRmd19kdXBsaWNhdGVfc2NyaWJlc190b19zZXR0aW5ncyI6eyJidWNrZXQiOiJvbiIsInZlcnNpb24iOm51bGx9LCJ0ZndfdXNlX3Byb2ZpbGVfaW1hZ2Vfc2hhcGVfZW5hYmxlZCI6eyJidWNrZXQiOiJvbiIsInZlcnNpb24iOm51bGx9LCJ0ZndfdmlkZW9faGxzX2R5bmFtaWNfbWFuaWZlc3RzXzE1MDgyIjp7ImJ1Y2tldCI6InRydWVfYml0cmF0ZSIsInZlcnNpb24iOm51bGx9LCJ0ZndfbGVnYWN5X3RpbWVsaW5lX3N1bnNldCI6eyJidWNrZXQiOnRydWUsInZlcnNpb24iOm51bGx9LCJ0ZndfdHdlZXRfZWRpdF9mcm9udGVuZCI6eyJidWNrZXQiOiJvbiIsInZlcnNpb24iOm51bGx9fQ%3D%3D&amp;frame=false&amp;hideCard=false&amp;hideThread=false&amp;id=1753988989923606841&amp;lang=es&amp;origin=https%3A%2F%2Fwww.primicias.ec%2Fnoticias%2Feconomia%2Frusia-levanta-veto-banano-ecuador%2F&amp;sessionId=f95d60b25150ae911c8a6e4003573f731769b971&amp;siteScreenName=primicias&amp;theme=light&amp;widgetsVersion=2615f7e52b7e0%3A1702314776716&amp;width=500px\" frameborder=\"0\" scrolling=\"no\" allowfullscreen=\"allowfullscreen\" data-tweet-id=\"1753988989923606841\"><\/iframe><\/div>\n<p><script async=\"\" src=\"https:\/\/platform.twitter.com\/widgets.js\" charset=\"utf-8\"><\/script><\/p>\n<\/div>\n<\/figure>\n<p class=\"selectionShareable\"><strong><em>*Noticia en desarrollo&#8230;<\/em><\/strong><\/p>\n<div class=\"header__tags desktop\"><\/div>\n<\/div>\n<p><a href=\"https:\/\/www.primicias.ec\/noticias\/economia\/rusia-levanta-veto-banano-ecuador\/\">https:\/\/www.primicias.ec\/noticias\/economia\/rusia-levanta-veto-banano-ecuador\/<\/a><\/p>\n","protected":false},"excerpt":{"rendered":"<p>El Servicio Federal de Control Veterinario y Fitosanitario de Rusia levant\u00f3 la suspensi\u00f3n a cinco empresas exportadoras de banano de Ecuador. La Canciller\u00eda del Ecuador inform\u00f3 el viernes 16 de febrero que el Servicio Federal de Control Veterinario y Fitosanitario de Rusia ha levantado las restricciones a cinco exportadoras de banano ecuatorianas. En un video compartido por la Canciller\u00eda, Juan Fernando Holgu\u00edn Flores, embajador de Ecuador en Rusia, expres\u00f3 que esta decisi\u00f3n &#8220;es una muestra de la importancia del di\u00e1logo que debe existir en todo momento entre dos pa\u00edses&#8221;. Un d\u00eda antes, el Ministerio de Relaciones Exteriores de Ecuador anunci\u00f3 que una misi\u00f3n de autoridades viajar\u00eda a Rusia para tratar la suspensi\u00f3n a las empresas ecuatorianas. Una suspensi\u00f3n en medio de un impasse diplom\u00e1tico El pasado 2 de febrero, la autoridad fitosanitaria rusa solicit\u00f3 al ministro de Agricultura de Ecuador, Franklin Palacios, suspender a cinco exportadoras de banano. Rusia argument\u00f3 una presunta detecci\u00f3n sistem\u00e1tica de la mosca Megaselia scalaris, conocida como mosca jorobada y portadora del c\u00f3lera, en el banano ecuatoriano. Se trata de una plaga &#8220;considerada peligrosa para Rusia y los pa\u00edses de la Uni\u00f3n Econ\u00f3mica Euroasi\u00e1tica&#8221;. Ese veto afect\u00f3 al 25% del total de las exportaciones de la fruta hacia Rusia, que es el principal destino del banano nacional. La suspensi\u00f3n ocurri\u00f3 en medio de un impasse diplom\u00e1tico entre los dos pa\u00edses, debido a que el Gobierno de Ecuador anunci\u00f3 que entregar\u00e1 a Estados Unidos armas donadas por Rusia, para que sean enviadas a Ucrania. El gobierno ruso hizo p\u00fablico su malestar por esa intenci\u00f3n, a la que calific\u00f3 de una decisi\u00f3n &#8220;irreflexiva&#8221;. Aunque en ning\u00fan momento el comunicado ruso habla de retaliaciones en el plano econ\u00f3mico. *Noticia en desarrollo&#8230; https:\/\/www.primicias.ec\/noticias\/economia\/rusia-levanta-veto-banano-ecuador\/<\/p>\n","protected":false},"author":1,"featured_media":262894,"comment_status":"closed","ping_status":"closed","sticky":false,"template":"","format":"standard","meta":[],"categories":[43,24],"tags":[],"_links":{"self":[{"href":"https:\/\/www.ecuadortimes.net\/es\/wp-json\/wp\/v2\/posts\/262893"}],"collection":[{"href":"https:\/\/www.ecuadortimes.net\/es\/wp-json\/wp\/v2\/posts"}],"about":[{"href":"https:\/\/www.ecuadortimes.net\/es\/wp-json\/wp\/v2\/types\/post"}],"author":[{"embeddable":true,"href":"https:\/\/www.ecuadortimes.net\/es\/wp-json\/wp\/v2\/users\/1"}],"replies":[{"embeddable":true,"href":"https:\/\/www.ecuadortimes.net\/es\/wp-json\/wp\/v2\/comments?post=262893"}],"version-history":[{"count":1,"href":"https:\/\/www.ecuadortimes.net\/es\/wp-json\/wp\/v2\/posts\/262893\/revisions"}],"predecessor-version":[{"id":262895,"href":"https:\/\/www.ecuadortimes.net\/es\/wp-json\/wp\/v2\/posts\/262893\/revisions\/262895"}],"wp:featuredmedia":[{"embeddable":true,"href":"https:\/\/www.ecuadortimes.net\/es\/wp-json\/wp\/v2\/media\/262894"}],"wp:attachment":[{"href":"https:\/\/www.ecuadortimes.net\/es\/wp-json\/wp\/v2\/media?parent=262893"}],"wp:term":[{"taxonomy":"category","embeddable":true,"href":"https:\/\/www.ecuadortimes.net\/es\/wp-json\/wp\/v2\/categories?post=262893"},{"taxonomy":"post_tag","embeddable":true,"href":"https:\/\/www.ecuadortimes.net\/es\/wp-json\/wp\/v2\/tags?post=262893"}],"curies":[{"name":"wp","href":"https:\/\/api.w.org\/{rel}","templated":true}]}}