{"id":262896,"date":"2024-02-19T22:51:47","date_gmt":"2024-02-19T22:51:47","guid":{"rendered":"https:\/\/www.ecuadortimes.net\/es\/?p=262896"},"modified":"2024-02-19T22:51:47","modified_gmt":"2024-02-19T22:51:47","slug":"periodista-jose-delgado-recibe-la-orden-nacional-en-el-grado-de-caballero","status":"publish","type":"post","link":"https:\/\/www.ecuadortimes.net\/es\/periodista-jose-delgado-recibe-la-orden-nacional-en-el-grado-de-caballero\/","title":{"rendered":"Periodista Jos\u00e9 Delgado recibe la Orden Nacional en el grado de caballero"},"content":{"rendered":"<div id=\"entry-content-inarticle\" class=\"entry-content\">\n<h3 class=\"noticia__entradilla\">Jos\u00e9 Delgado recibi\u00f3 la Orden Nacional al M\u00e9rito en el grado de caballero por parte de Daniel Noboa. Con su peculiar estilo, el periodista ha mostrado la realidad de las zonas m\u00e1s pobres de Guayaquil.<\/h3>\n<div id=\"attachment_262897\" style=\"width: 1170px\" class=\"wp-caption alignnone\"><img aria-describedby=\"caption-attachment-262897\" loading=\"lazy\" class=\"size-full wp-image-262897\" src=\"https:\/\/www.ecuadortimes.net\/es\/wp-content\/uploads\/2024\/02\/ecuador-times-ecuador-news-journalist-jose-delgado-receives-the-national-order-in-the-rank-of-knight.jpg\" alt=\"ecuador-times-ecuador-news-journalist-jose-delgado-receives-the-national-order-in-the-rank-of-knight\" width=\"1160\" height=\"650\" \/><p id=\"caption-attachment-262897\" class=\"wp-caption-text\">El presidente Daniel Noboa condecor\u00f3 al periodista Jos\u00e9 Delgado, el 19 de febrero de 2024.<\/p><\/div>\n<p class=\"selectionShareable\">El Gobierno de Daniel Noboa entreg\u00f3 al periodista de televisi\u00f3n, <strong>Jos\u00e9 Delgado, la Orden Nacional al M\u00e9rito en el grado de caballero,<\/strong> en una ceremonia realizada en la Gobernaci\u00f3n de Guayas, este 19 de febrero.<\/p>\n<p class=\"selectionShareable\">El propio Presidente de la Rep\u00fablica entreg\u00f3 la condecoraci\u00f3n al comunicador guayaquile\u00f1o, quien agradeci\u00f3, &#8220;primero a Dios, por estar aqu\u00ed, una condecoraci\u00f3n que jam\u00e1s imagin\u00e9 y por estar viviendo en &#8216;carne propia&#8217; est\u00e1 experiencia&#8221;, as\u00ed como a los televidentes.<\/p>\n<p class=\"selectionShareable\">Delgado tiene una amplia trayectoria como periodista televisivo. Ha sido <strong>presentador de varios programas<\/strong> como <strong>Primer Impacto<\/strong>, con el cual lleg\u00f3 a pelear el horario estelar con canales de la competencia.<\/p>\n<figure class=\"wp-block-embed is-type-rich is-provider-twitter wp-block-embed-twitter\">\n<div class=\"wp-block-embed__wrapper\">\n<div class=\"twitter-tweet twitter-tweet-rendered\" style=\"display: flex; max-width: 500px; width: 100%; margin-top: 10px; margin-bottom: 10px;\"><iframe id=\"twitter-widget-0\" class=\"\" style=\"position: static; visibility: visible; width: 500px; height: 597px; display: block; flex-grow: 1;\" title=\"X Post\" src=\"https:\/\/platform.twitter.com\/embed\/Tweet.html?dnt=true&amp;embedId=twitter-widget-0&amp;features=eyJ0ZndfdGltZWxpbmVfbGlzdCI6eyJidWNrZXQiOltdLCJ2ZXJzaW9uIjpudWxsfSwidGZ3X2ZvbGxvd2VyX2NvdW50X3N1bnNldCI6eyJidWNrZXQiOnRydWUsInZlcnNpb24iOm51bGx9LCJ0ZndfdHdlZXRfZWRpdF9iYWNrZW5kIjp7ImJ1Y2tldCI6Im9uIiwidmVyc2lvbiI6bnVsbH0sInRmd19yZWZzcmNfc2Vzc2lvbiI6eyJidWNrZXQiOiJvbiIsInZlcnNpb24iOm51bGx9LCJ0ZndfZm9zbnJfc29mdF9pbnRlcnZlbnRpb25zX2VuYWJsZWQiOnsiYnVja2V0Ijoib24iLCJ2ZXJzaW9uIjpudWxsfSwidGZ3X21peGVkX21lZGlhXzE1ODk3Ijp7ImJ1Y2tldCI6InRyZWF0bWVudCIsInZlcnNpb24iOm51bGx9LCJ0ZndfZXhwZXJpbWVudHNfY29va2llX2V4cGlyYXRpb24iOnsiYnVja2V0IjoxMjA5NjAwLCJ2ZXJzaW9uIjpudWxsfSwidGZ3X3Nob3dfYmlyZHdhdGNoX3Bpdm90c19lbmFibGVkIjp7ImJ1Y2tldCI6Im9uIiwidmVyc2lvbiI6bnVsbH0sInRmd19kdXBsaWNhdGVfc2NyaWJlc190b19zZXR0aW5ncyI6eyJidWNrZXQiOiJvbiIsInZlcnNpb24iOm51bGx9LCJ0ZndfdXNlX3Byb2ZpbGVfaW1hZ2Vfc2hhcGVfZW5hYmxlZCI6eyJidWNrZXQiOiJvbiIsInZlcnNpb24iOm51bGx9LCJ0ZndfdmlkZW9faGxzX2R5bmFtaWNfbWFuaWZlc3RzXzE1MDgyIjp7ImJ1Y2tldCI6InRydWVfYml0cmF0ZSIsInZlcnNpb24iOm51bGx9LCJ0ZndfbGVnYWN5X3RpbWVsaW5lX3N1bnNldCI6eyJidWNrZXQiOnRydWUsInZlcnNpb24iOm51bGx9LCJ0ZndfdHdlZXRfZWRpdF9mcm9udGVuZCI6eyJidWNrZXQiOiJvbiIsInZlcnNpb24iOm51bGx9fQ%3D%3D&amp;frame=false&amp;hideCard=false&amp;hideThread=false&amp;id=1759615471362392493&amp;lang=es&amp;origin=https%3A%2F%2Fwww.primicias.ec%2Fnoticias%2Fsociedad%2Fperiodista-jose-delgado-condecoracion-daniel-noboa%2F&amp;sessionId=cc09306f64a9e69623766cc541738f2d33d53bc3&amp;siteScreenName=primicias&amp;theme=light&amp;widgetsVersion=2615f7e52b7e0%3A1702314776716&amp;width=500px\" frameborder=\"0\" scrolling=\"no\" allowfullscreen=\"allowfullscreen\" data-tweet-id=\"1759615471362392493\"><\/iframe><\/div>\n<p><script async=\"\" src=\"https:\/\/platform.twitter.com\/widgets.js\" charset=\"utf-8\"><\/script><\/p>\n<\/div>\n<\/figure>\n<p class=\"selectionShareable\">Incluso logr\u00f3 40 puntos de rating tras el asesinato en Guayaquil del animador de televisi\u00f3n, Marco Vinicio Bedoya, el 1 de mayo de 1998.<\/p>\n<p class=\"selectionShareable\">Y de otros programas como <strong>Ciudad Desnuda<\/strong>, en Ecuavisa, y <strong>En carne propia<\/strong> de Canal 1.<\/p>\n<p class=\"selectionShareable\">Con un peculiar estilo, Delgado se ha convertido en la estrella del &#8216;submundo guayaco&#8217;, como rese\u00f1\u00f3 PRIMICIAS, en un <strong>perfil <\/strong>publicado el 12 de marzo de 2023.<\/p>\n<p class=\"selectionShareable\">Sus reportajes reflejan la cotidianidad de los <strong>sectores suburbanos de Guayaquil<\/strong>, con todos sus problemas y desaf\u00edos. Ah\u00ed, Delgado \u201ccaza\u201d personajes, <strong>mendigos, pillos o gente sencilla<\/strong> que duerme a la intemperie en un vetusto colch\u00f3n.<\/p>\n<div id=\"center2\" class=\"desktop banner_large banner_pc lateral_nota\" data-google-query-id=\"CObDoMS8uIQDFYO7ywEdtXYNBQ\">Est\u00e1 &#8220;donde las papas queman&#8221;, en lugares tan s\u00f3rdidos que se parecen al mism\u00edsimo infierno, rese\u00f1aba PRIMICIAS.<\/div>\n<\/div>\n<p><a href=\"https:\/\/www.primicias.ec\/noticias\/sociedad\/periodista-jose-delgado-condecoracion-daniel-noboa\/\">https:\/\/www.primicias.ec\/noticias\/sociedad\/periodista-jose-delgado-condecoracion-daniel-noboa\/<\/a><\/p>\n","protected":false},"excerpt":{"rendered":"<p>Jos\u00e9 Delgado recibi\u00f3 la Orden Nacional al M\u00e9rito en el grado de caballero por parte de Daniel Noboa. Con su peculiar estilo, el periodista ha mostrado la realidad de las zonas m\u00e1s pobres de Guayaquil. El Gobierno de Daniel Noboa entreg\u00f3 al periodista de televisi\u00f3n, Jos\u00e9 Delgado, la Orden Nacional al M\u00e9rito en el grado de caballero, en una ceremonia realizada en la Gobernaci\u00f3n de Guayas, este 19 de febrero. El propio Presidente de la Rep\u00fablica entreg\u00f3 la condecoraci\u00f3n al comunicador guayaquile\u00f1o, quien agradeci\u00f3, &#8220;primero a Dios, por estar aqu\u00ed, una condecoraci\u00f3n que jam\u00e1s imagin\u00e9 y por estar viviendo en &#8216;carne propia&#8217; est\u00e1 experiencia&#8221;, as\u00ed como a los televidentes. Delgado tiene una amplia trayectoria como periodista televisivo. Ha sido presentador de varios programas como Primer Impacto, con el cual lleg\u00f3 a pelear el horario estelar con canales de la competencia. Incluso logr\u00f3 40 puntos de rating tras el asesinato en Guayaquil del animador de televisi\u00f3n, Marco Vinicio Bedoya, el 1 de mayo de 1998. Y de otros programas como Ciudad Desnuda, en Ecuavisa, y En carne propia de Canal 1. Con un peculiar estilo, Delgado se ha convertido en la estrella del &#8216;submundo guayaco&#8217;, como rese\u00f1\u00f3 PRIMICIAS, en un perfil publicado el 12 de marzo de 2023. Sus reportajes reflejan la cotidianidad de los sectores suburbanos de Guayaquil, con todos sus problemas y desaf\u00edos. Ah\u00ed, Delgado \u201ccaza\u201d personajes, mendigos, pillos o gente sencilla que duerme a la intemperie en un vetusto colch\u00f3n. Est\u00e1 &#8220;donde las papas queman&#8221;, en lugares tan s\u00f3rdidos que se parecen al mism\u00edsimo infierno, rese\u00f1aba PRIMICIAS. https:\/\/www.primicias.ec\/noticias\/sociedad\/periodista-jose-delgado-condecoracion-daniel-noboa\/<\/p>\n","protected":false},"author":1,"featured_media":262897,"comment_status":"closed","ping_status":"closed","sticky":false,"template":"","format":"standard","meta":[],"categories":[1],"tags":[],"_links":{"self":[{"href":"https:\/\/www.ecuadortimes.net\/es\/wp-json\/wp\/v2\/posts\/262896"}],"collection":[{"href":"https:\/\/www.ecuadortimes.net\/es\/wp-json\/wp\/v2\/posts"}],"about":[{"href":"https:\/\/www.ecuadortimes.net\/es\/wp-json\/wp\/v2\/types\/post"}],"author":[{"embeddable":true,"href":"https:\/\/www.ecuadortimes.net\/es\/wp-json\/wp\/v2\/users\/1"}],"replies":[{"embeddable":true,"href":"https:\/\/www.ecuadortimes.net\/es\/wp-json\/wp\/v2\/comments?post=262896"}],"version-history":[{"count":1,"href":"https:\/\/www.ecuadortimes.net\/es\/wp-json\/wp\/v2\/posts\/262896\/revisions"}],"predecessor-version":[{"id":262898,"href":"https:\/\/www.ecuadortimes.net\/es\/wp-json\/wp\/v2\/posts\/262896\/revisions\/262898"}],"wp:featuredmedia":[{"embeddable":true,"href":"https:\/\/www.ecuadortimes.net\/es\/wp-json\/wp\/v2\/media\/262897"}],"wp:attachment":[{"href":"https:\/\/www.ecuadortimes.net\/es\/wp-json\/wp\/v2\/media?parent=262896"}],"wp:term":[{"taxonomy":"category","embeddable":true,"href":"https:\/\/www.ecuadortimes.net\/es\/wp-json\/wp\/v2\/categories?post=262896"},{"taxonomy":"post_tag","embeddable":true,"href":"https:\/\/www.ecuadortimes.net\/es\/wp-json\/wp\/v2\/tags?post=262896"}],"curies":[{"name":"wp","href":"https:\/\/api.w.org\/{rel}","templated":true}]}}