{"id":263291,"date":"2024-05-21T22:37:38","date_gmt":"2024-05-21T22:37:38","guid":{"rendered":"https:\/\/www.ecuadortimes.net\/es\/?p=263291"},"modified":"2024-05-21T22:37:38","modified_gmt":"2024-05-21T22:37:38","slug":"ecuador-ya-tiene-diplomatico-de-carrera-para-la-embajada-de-estados-unidos-esta-a-la-espera-de-beneplacito","status":"publish","type":"post","link":"https:\/\/www.ecuadortimes.net\/es\/ecuador-ya-tiene-diplomatico-de-carrera-para-la-embajada-de-estados-unidos-esta-a-la-espera-de-beneplacito\/","title":{"rendered":"Ecuador ya tiene diplom\u00e1tico de carrera para la embajada de Estados Unidos; est\u00e1 a la espera de benepl\u00e1cito"},"content":{"rendered":"<div id=\"entry-content-inarticle\" class=\"entry-content\">\n<h3 class=\"noticia__entradilla\">Desde la salida de Ivonne Baki, Ecuador lleva tres meses sin embajador en Estados Unidos. La canciller Gabriela Sommerfeld asegur\u00f3 que en cuanto se tenga el benepl\u00e1cito del pa\u00eds norteamericano se dar\u00e1 el nombre del diplom\u00e1tico.<\/h3>\n<div id=\"attachment_263292\" style=\"width: 1170px\" class=\"wp-caption alignnone\"><img aria-describedby=\"caption-attachment-263292\" loading=\"lazy\" class=\"size-full wp-image-263292\" src=\"https:\/\/www.ecuadortimes.net\/es\/wp-content\/uploads\/2024\/05\/ecuador-times-ecuador-news-ecuador-already-has-a-career-diplomat-for-the-united-states-embassy-is-waiting-for-approval.jpg\" alt=\"ecuador-times-ecuador-news-ecuador-already-has-a-career-diplomat-for-the-united-states-embassy-is-waiting-for-approval\" width=\"1160\" height=\"650\" \/><p id=\"caption-attachment-263292\" class=\"wp-caption-text\">La canciller de Ecuador, Gabriela Sommerfeld, en una reuni\u00f3n el 20 de mayo de 2024.<\/p><\/div>\n<p class=\"selectionShareable\">La designaci\u00f3n del <strong>nuevo embajador de Ecuador en Estados Unidos<\/strong> es uno de los pendientes de Daniel Noboa, quien ha nombrado a 19 diplom\u00e1ticos en seis meses de gobierno.<\/p>\n<p class=\"selectionShareable\">Luego de que las funciones de Ivonne Baki como embajadora de Ecuador en el pa\u00eds norteamericano concluyeron, la <strong>abogada Soledad Pe\u00f1a<\/strong>, de 30 a\u00f1os, se qued\u00f3 a cargo hasta que se nombre al nuevo representante.<\/p>\n<p class=\"selectionShareable\">El gobierno ten\u00eda la <strong>intenci\u00f3n de designar a Pe\u00f1a<\/strong> en ese cargo, pero no cumpl\u00eda con el requisito de la edad.<\/p>\n<p class=\"selectionShareable\">Tras 90 d\u00edas sin que Ecuador tenga un embajador en Estados Unidos, el gobierno de Daniel Noboa <strong>ya tiene un nombre para ese cargo<\/strong>. As\u00ed lo confirm\u00f3 la canciller Gabriela Sommerfeld en una entrevista con El Universo, sin revelar el nombre.<\/p>\n<p class=\"selectionShareable\">Sommerfeld asegur\u00f3 al medio de comunicaci\u00f3n que el nuevo embajador <strong>ser\u00e1 un diplom\u00e1tico de carrera<\/strong> y que Ecuador ya solicit\u00f3 a Estados Unidos el benepl\u00e1cito para su nombramiento.<\/p>\n<p class=\"selectionShareable\">El nombre del nuevo embajador se har\u00e1 p\u00fablico cuando se cuente con esa respuesta.<\/p>\n<p class=\"selectionShareable\">La canciller puntualiz\u00f3 que esta es la primera vez que el gobierno de Daniel Noboa <strong>solicita el benepl\u00e1cito<\/strong> a Estados Unidos para nombrar embajador.<\/p>\n<p class=\"selectionShareable\">Asegur\u00f3 que <strong>nunca se pidi\u00f3 el benepl\u00e1cito para Soledad Pe\u00f1a<\/strong>, quien se qued\u00f3 como encargada de negocios.<\/p>\n<\/div>\n<p><a href=\"https:\/\/www.primicias.ec\/noticias\/politica\/embajador-ecuador-estados-unidos-beneplacito-diplomatico\/\">https:\/\/www.primicias.ec\/noticias\/politica\/embajador-ecuador-estados-unidos-beneplacito-diplomatico\/<\/a><\/p>\n","protected":false},"excerpt":{"rendered":"<p>Desde la salida de Ivonne Baki, Ecuador lleva tres meses sin embajador en Estados Unidos. La canciller Gabriela Sommerfeld asegur\u00f3 que en cuanto se tenga el benepl\u00e1cito del pa\u00eds norteamericano se dar\u00e1 el nombre del diplom\u00e1tico. La designaci\u00f3n del nuevo embajador de Ecuador en Estados Unidos es uno de los pendientes de Daniel Noboa, quien ha nombrado a 19 diplom\u00e1ticos en seis meses de gobierno. Luego de que las funciones de Ivonne Baki como embajadora de Ecuador en el pa\u00eds norteamericano concluyeron, la abogada Soledad Pe\u00f1a, de 30 a\u00f1os, se qued\u00f3 a cargo hasta que se nombre al nuevo representante. El gobierno ten\u00eda la intenci\u00f3n de designar a Pe\u00f1a en ese cargo, pero no cumpl\u00eda con el requisito de la edad. Tras 90 d\u00edas sin que Ecuador tenga un embajador en Estados Unidos, el gobierno de Daniel Noboa ya tiene un nombre para ese cargo. As\u00ed lo confirm\u00f3 la canciller Gabriela Sommerfeld en una entrevista con El Universo, sin revelar el nombre. Sommerfeld asegur\u00f3 al medio de comunicaci\u00f3n que el nuevo embajador ser\u00e1 un diplom\u00e1tico de carrera y que Ecuador ya solicit\u00f3 a Estados Unidos el benepl\u00e1cito para su nombramiento. El nombre del nuevo embajador se har\u00e1 p\u00fablico cuando se cuente con esa respuesta. La canciller puntualiz\u00f3 que esta es la primera vez que el gobierno de Daniel Noboa solicita el benepl\u00e1cito a Estados Unidos para nombrar embajador. Asegur\u00f3 que nunca se pidi\u00f3 el benepl\u00e1cito para Soledad Pe\u00f1a, quien se qued\u00f3 como encargada de negocios. https:\/\/www.primicias.ec\/noticias\/politica\/embajador-ecuador-estados-unidos-beneplacito-diplomatico\/<\/p>\n","protected":false},"author":1,"featured_media":263292,"comment_status":"closed","ping_status":"closed","sticky":false,"template":"","format":"standard","meta":[],"categories":[40,23],"tags":[],"_links":{"self":[{"href":"https:\/\/www.ecuadortimes.net\/es\/wp-json\/wp\/v2\/posts\/263291"}],"collection":[{"href":"https:\/\/www.ecuadortimes.net\/es\/wp-json\/wp\/v2\/posts"}],"about":[{"href":"https:\/\/www.ecuadortimes.net\/es\/wp-json\/wp\/v2\/types\/post"}],"author":[{"embeddable":true,"href":"https:\/\/www.ecuadortimes.net\/es\/wp-json\/wp\/v2\/users\/1"}],"replies":[{"embeddable":true,"href":"https:\/\/www.ecuadortimes.net\/es\/wp-json\/wp\/v2\/comments?post=263291"}],"version-history":[{"count":1,"href":"https:\/\/www.ecuadortimes.net\/es\/wp-json\/wp\/v2\/posts\/263291\/revisions"}],"predecessor-version":[{"id":263293,"href":"https:\/\/www.ecuadortimes.net\/es\/wp-json\/wp\/v2\/posts\/263291\/revisions\/263293"}],"wp:featuredmedia":[{"embeddable":true,"href":"https:\/\/www.ecuadortimes.net\/es\/wp-json\/wp\/v2\/media\/263292"}],"wp:attachment":[{"href":"https:\/\/www.ecuadortimes.net\/es\/wp-json\/wp\/v2\/media?parent=263291"}],"wp:term":[{"taxonomy":"category","embeddable":true,"href":"https:\/\/www.ecuadortimes.net\/es\/wp-json\/wp\/v2\/categories?post=263291"},{"taxonomy":"post_tag","embeddable":true,"href":"https:\/\/www.ecuadortimes.net\/es\/wp-json\/wp\/v2\/tags?post=263291"}],"curies":[{"name":"wp","href":"https:\/\/api.w.org\/{rel}","templated":true}]}}