{"id":263431,"date":"2024-06-20T01:10:50","date_gmt":"2024-06-20T01:10:50","guid":{"rendered":"https:\/\/www.ecuadortimes.net\/es\/?p=263431"},"modified":"2024-06-20T01:10:50","modified_gmt":"2024-06-20T01:10:50","slug":"embajada-de-china-realiza-donacion-de-equipos-de-radio-streaming-a-empresa-publica-de-comunicacion-del-ecuador-e-p","status":"publish","type":"post","link":"https:\/\/www.ecuadortimes.net\/es\/embajada-de-china-realiza-donacion-de-equipos-de-radio-streaming-a-empresa-publica-de-comunicacion-del-ecuador-e-p\/","title":{"rendered":"Embajada de China realiza donaci\u00f3n de equipos de radio\/streaming a Empresa P\u00fablica de Comunicaci\u00f3n del Ecuador E.P."},"content":{"rendered":"<div class=\"itemFullText\">\n<p>Una segunda donaci\u00f3n de equipos de radio\/streaming realiz\u00f3 la <strong>Embajada de China<\/strong> a la <strong>Empresa P\u00fablica de Comunicaci\u00f3n del Ecuador E.P<\/strong>. Este martes, 18 de junio de 2024, Samia Tacle, gerente general de la Empresa P\u00fablica de Comunicaci\u00f3n del Ecuador E.P., y Chen Guoyou, embajador de China, suscribieron el acta de donaci\u00f3n de dichos equipos.<\/p>\n<div id=\"attachment_263432\" style=\"width: 1210px\" class=\"wp-caption alignnone\"><img aria-describedby=\"caption-attachment-263432\" loading=\"lazy\" class=\"size-full wp-image-263432\" src=\"https:\/\/www.ecuadortimes.net\/es\/wp-content\/uploads\/2024\/06\/ecuadortimes-chinese-embassy-donates-equipment-to-public-communication-company-of-ecuador-ep_embajada-de-china-realiza-donacion-de-equipos-a-empresa-publica-de-comunicacion-ep.jpg\" alt=\"ecuadortimes-chinese-embassy-donates-equipment-to-public-communication-company-of-ecuador-ep_embajada-de-china-realiza-donacion-de-equipos-a-empresa-publica-de-comunicacion-ep\" width=\"1200\" height=\"810\" srcset=\"https:\/\/www.ecuadortimes.net\/es\/wp-content\/uploads\/2024\/06\/ecuadortimes-chinese-embassy-donates-equipment-to-public-communication-company-of-ecuador-ep_embajada-de-china-realiza-donacion-de-equipos-a-empresa-publica-de-comunicacion-ep.jpg 1200w, https:\/\/www.ecuadortimes.net\/es\/wp-content\/uploads\/2024\/06\/ecuadortimes-chinese-embassy-donates-equipment-to-public-communication-company-of-ecuador-ep_embajada-de-china-realiza-donacion-de-equipos-a-empresa-publica-de-comunicacion-ep-75x52.jpg 75w\" sizes=\"(max-width: 1200px) 100vw, 1200px\" \/><p id=\"caption-attachment-263432\" class=\"wp-caption-text\">La Empresa P\u00fablica de Comunicaci\u00f3n del Ecuador E.P y la Embajada de China suscribieron un acta de donaci\u00f3n de equipos.<\/p><\/div>\n<p>La primera donaci\u00f3n se efectu\u00f3 en 2021 y se trat\u00f3 de equipos para realizar transmisiones en los medios p\u00fablicos. Mientras que en la segunda donaci\u00f3n se entregaron equipos para mejorar estas transmisiones. Actualmente, se utilizan en P\u00fablica FM.<\/p>\n<p>Chen Guoyou, embajador de China, destac\u00f3 la cooperaci\u00f3n entre Ecuador y China. \u201cEs un puente y un canal importante para que el pueblo ecuatoriano conozca la cultura china\u201d.<\/p>\n<p>Por su parte, Samia Tacle, gerente general de Empresa P\u00fablica de Comunicaci\u00f3n del Ecuador E.P., resalt\u00f3 la importancia de mantener los <strong>lazos culturales y de amistad<\/strong> entre ambos pa\u00edses. Adem\u00e1s, agradeci\u00f3 por la donaci\u00f3n de los equipos.<\/p>\n<p>La Embajada de China tambi\u00e9n realiza talleres de intercambio del talento humano para fortalecer los conocimientos en materia de informaci\u00f3n.<\/p>\n<\/div>\n<p><a href=\"https:\/\/www.eltelegrafo.com.ec\/noticias\/nacionales\/44\/embajada-de-china-realiza-donacion-de-equipos-de-radio-streaming-a-empresa-publica-de-comunicacion-del-ecuador-e-p\">https:\/\/www.eltelegrafo.com.ec\/noticias\/nacionales\/44\/embajada-de-china-realiza-donacion-de-equipos-de-radio-streaming-a-empresa-publica-de-comunicacion-del-ecuador-e-p<\/a><\/p>\n","protected":false},"excerpt":{"rendered":"<p>Una segunda donaci\u00f3n de equipos de radio\/streaming realiz\u00f3 la Embajada de China a la Empresa P\u00fablica de Comunicaci\u00f3n del Ecuador E.P. Este martes, 18 de junio de 2024, Samia Tacle, gerente general de la Empresa P\u00fablica de Comunicaci\u00f3n del Ecuador E.P., y Chen Guoyou, embajador de China, suscribieron el acta de donaci\u00f3n de dichos equipos. La primera donaci\u00f3n se efectu\u00f3 en 2021 y se trat\u00f3 de equipos para realizar transmisiones en los medios p\u00fablicos. Mientras que en la segunda donaci\u00f3n se entregaron equipos para mejorar estas transmisiones. Actualmente, se utilizan en P\u00fablica FM. Chen Guoyou, embajador de China, destac\u00f3 la cooperaci\u00f3n entre Ecuador y China. \u201cEs un puente y un canal importante para que el pueblo ecuatoriano conozca la cultura china\u201d. Por su parte, Samia Tacle, gerente general de Empresa P\u00fablica de Comunicaci\u00f3n del Ecuador E.P., resalt\u00f3 la importancia de mantener los lazos culturales y de amistad entre ambos pa\u00edses. Adem\u00e1s, agradeci\u00f3 por la donaci\u00f3n de los equipos. La Embajada de China tambi\u00e9n realiza talleres de intercambio del talento humano para fortalecer los conocimientos en materia de informaci\u00f3n. https:\/\/www.eltelegrafo.com.ec\/noticias\/nacionales\/44\/embajada-de-china-realiza-donacion-de-equipos-de-radio-streaming-a-empresa-publica-de-comunicacion-del-ecuador-e-p<\/p>\n","protected":false},"author":1,"featured_media":263432,"comment_status":"closed","ping_status":"closed","sticky":false,"template":"","format":"standard","meta":[],"categories":[40,24],"tags":[],"_links":{"self":[{"href":"https:\/\/www.ecuadortimes.net\/es\/wp-json\/wp\/v2\/posts\/263431"}],"collection":[{"href":"https:\/\/www.ecuadortimes.net\/es\/wp-json\/wp\/v2\/posts"}],"about":[{"href":"https:\/\/www.ecuadortimes.net\/es\/wp-json\/wp\/v2\/types\/post"}],"author":[{"embeddable":true,"href":"https:\/\/www.ecuadortimes.net\/es\/wp-json\/wp\/v2\/users\/1"}],"replies":[{"embeddable":true,"href":"https:\/\/www.ecuadortimes.net\/es\/wp-json\/wp\/v2\/comments?post=263431"}],"version-history":[{"count":1,"href":"https:\/\/www.ecuadortimes.net\/es\/wp-json\/wp\/v2\/posts\/263431\/revisions"}],"predecessor-version":[{"id":263433,"href":"https:\/\/www.ecuadortimes.net\/es\/wp-json\/wp\/v2\/posts\/263431\/revisions\/263433"}],"wp:featuredmedia":[{"embeddable":true,"href":"https:\/\/www.ecuadortimes.net\/es\/wp-json\/wp\/v2\/media\/263432"}],"wp:attachment":[{"href":"https:\/\/www.ecuadortimes.net\/es\/wp-json\/wp\/v2\/media?parent=263431"}],"wp:term":[{"taxonomy":"category","embeddable":true,"href":"https:\/\/www.ecuadortimes.net\/es\/wp-json\/wp\/v2\/categories?post=263431"},{"taxonomy":"post_tag","embeddable":true,"href":"https:\/\/www.ecuadortimes.net\/es\/wp-json\/wp\/v2\/tags?post=263431"}],"curies":[{"name":"wp","href":"https:\/\/api.w.org\/{rel}","templated":true}]}}