{"id":263468,"date":"2024-06-28T22:35:28","date_gmt":"2024-06-28T22:35:28","guid":{"rendered":"https:\/\/www.ecuadortimes.net\/es\/?p=263468"},"modified":"2024-06-28T22:35:28","modified_gmt":"2024-06-28T22:35:28","slug":"cristian-espinosa-fue-nombrado-embajador-de-ecuador-en-estados-unidos","status":"publish","type":"post","link":"https:\/\/www.ecuadortimes.net\/es\/cristian-espinosa-fue-nombrado-embajador-de-ecuador-en-estados-unidos\/","title":{"rendered":"Cristian Espinosa fue nombrado Embajador de Ecuador en Estados Unidos"},"content":{"rendered":"<div class=\"itemFullText\" style=\"height: auto !important;\">\n<p><strong>El Gobierno Nacional confirm\u00f3 este jueves 27 de junio de 2024 a Cristian Espinosa Ca\u00f1izares<\/strong> como Embajador Extraordinario y Plenipotenciario de Ecuador en Estados Unidos. El diplom\u00e1tico de carrera reemplazar\u00e1 en el cargo a <strong>Ivonne Baki<\/strong>.<\/p>\n<div id=\"attachment_263469\" style=\"width: 1210px\" class=\"wp-caption alignnone\"><img aria-describedby=\"caption-attachment-263469\" loading=\"lazy\" class=\"size-full wp-image-263469\" src=\"https:\/\/www.ecuadortimes.net\/es\/wp-content\/uploads\/2024\/06\/ecuadortimes-cristian-espinosa-was-appointed-ambassador-of-ecuador-to-the-united-states_cristian-espinosa-fue-nombrado-embajador-de-ecuador-en-estados-unidos.jpg\" alt=\"ecuadortimes-cristian-espinosa-was-appointed-ambassador-of-ecuador-to-the-united-states_cristian-espinosa-fue-nombrado-embajador-de-ecuador-en-estados-unidos\" width=\"1200\" height=\"810\" srcset=\"https:\/\/www.ecuadortimes.net\/es\/wp-content\/uploads\/2024\/06\/ecuadortimes-cristian-espinosa-was-appointed-ambassador-of-ecuador-to-the-united-states_cristian-espinosa-fue-nombrado-embajador-de-ecuador-en-estados-unidos.jpg 1200w, https:\/\/www.ecuadortimes.net\/es\/wp-content\/uploads\/2024\/06\/ecuadortimes-cristian-espinosa-was-appointed-ambassador-of-ecuador-to-the-united-states_cristian-espinosa-fue-nombrado-embajador-de-ecuador-en-estados-unidos-75x52.jpg 75w\" sizes=\"(max-width: 1200px) 100vw, 1200px\" \/><p id=\"caption-attachment-263469\" class=\"wp-caption-text\">Cristian Espinoza fue nombrado como nuevo embajador de Ecuador en Estados Unidos.<\/p><\/div>\n<p><strong>Espinosa trabaja para el servicio exterior de Ecuador desde 1987,<\/strong> como especialista en multilateralismo, comercio internacional y negociaciones comerciales.<\/p>\n<p>En su trayectoria ha sido representante permanente de Ecuador ante las Naciones Unidas, en Nueva York. Adem\u00e1s, ha\u00a0ocupado, en Canciller\u00eda, los cargos de viceministro de Relaciones Exteriores, director de Relacionamiento Interinstitucional y encargado de la Secci\u00f3n Econ\u00f3mica. Tambi\u00e9n fue director metropolitano de Relaciones Internacionales en el Municipio de Quito.<\/p>\n<p>En Ecuador, el Embajador fue presidente\u00a0del Consejo de C\u00e1maras y Asociaciones de la Producci\u00f3n del Ecuador y director ejecutivo de la C\u00e1mara de Comercio Ecuatoriana Americana. Fue director general de la Comunidad Andina y viceministro de Comercio Exterior e Integraci\u00f3n, encargado de las negociaciones comerciales del Ecuador.<\/p>\n<p>Espinoza tiene una maestr\u00eda en Administraci\u00f3n\u00a0P\u00fablica por la Kennedy School of Government de la Universidad de Harvard y tiene una licenciatura y maestr\u00eda (BA\/MA) en Filosof\u00eda y Econom\u00eda por la Universidad de Boston.<\/p>\n<p><strong>El Gobierno de Joe Biden otorg\u00f3 la aceptaci\u00f3n y benepl\u00e1cito<\/strong> al nuevo Embajador, que empezar\u00e1 a ejercer sus funciones desde la sede diplom\u00e1tica de Ecuador en Washington.<\/p>\n<div class=\"twitter-tweet twitter-tweet-rendered\" style=\"display: flex; max-width: 550px; width: 100%; margin-top: 10px; margin-bottom: 10px;\"><iframe id=\"twitter-widget-1\" class=\"\" style=\"position: static; visibility: visible; width: 550px; height: 922px; display: block; flex-grow: 1;\" title=\"X Post\" src=\"https:\/\/platform.twitter.com\/embed\/Tweet.html?creatorScreenName=el_telegrafo&amp;dnt=false&amp;embedId=twitter-widget-1&amp;features=eyJ0ZndfdGltZWxpbmVfbGlzdCI6eyJidWNrZXQiOltdLCJ2ZXJzaW9uIjpudWxsfSwidGZ3X2ZvbGxvd2VyX2NvdW50X3N1bnNldCI6eyJidWNrZXQiOnRydWUsInZlcnNpb24iOm51bGx9LCJ0ZndfdHdlZXRfZWRpdF9iYWNrZW5kIjp7ImJ1Y2tldCI6Im9uIiwidmVyc2lvbiI6bnVsbH0sInRmd19yZWZzcmNfc2Vzc2lvbiI6eyJidWNrZXQiOiJvbiIsInZlcnNpb24iOm51bGx9LCJ0ZndfZm9zbnJfc29mdF9pbnRlcnZlbnRpb25zX2VuYWJsZWQiOnsiYnVja2V0Ijoib24iLCJ2ZXJzaW9uIjpudWxsfSwidGZ3X21peGVkX21lZGlhXzE1ODk3Ijp7ImJ1Y2tldCI6InRyZWF0bWVudCIsInZlcnNpb24iOm51bGx9LCJ0ZndfZXhwZXJpbWVudHNfY29va2llX2V4cGlyYXRpb24iOnsiYnVja2V0IjoxMjA5NjAwLCJ2ZXJzaW9uIjpudWxsfSwidGZ3X3Nob3dfYmlyZHdhdGNoX3Bpdm90c19lbmFibGVkIjp7ImJ1Y2tldCI6Im9uIiwidmVyc2lvbiI6bnVsbH0sInRmd19kdXBsaWNhdGVfc2NyaWJlc190b19zZXR0aW5ncyI6eyJidWNrZXQiOiJvbiIsInZlcnNpb24iOm51bGx9LCJ0ZndfdXNlX3Byb2ZpbGVfaW1hZ2Vfc2hhcGVfZW5hYmxlZCI6eyJidWNrZXQiOiJvbiIsInZlcnNpb24iOm51bGx9LCJ0ZndfdmlkZW9faGxzX2R5bmFtaWNfbWFuaWZlc3RzXzE1MDgyIjp7ImJ1Y2tldCI6InRydWVfYml0cmF0ZSIsInZlcnNpb24iOm51bGx9LCJ0ZndfbGVnYWN5X3RpbWVsaW5lX3N1bnNldCI6eyJidWNrZXQiOnRydWUsInZlcnNpb24iOm51bGx9LCJ0ZndfdHdlZXRfZWRpdF9mcm9udGVuZCI6eyJidWNrZXQiOiJvbiIsInZlcnNpb24iOm51bGx9fQ%3D%3D&amp;frame=false&amp;hideCard=false&amp;hideThread=false&amp;id=1806471731227340912&amp;lang=es&amp;origin=https%3A%2F%2Fwww.eltelegrafo.com.ec%2Fpolitica%2Fpolitica%2F44%2Fcristian-espinoza-fue-nombrado-embajador-de-ecuador-en-estados-unidos&amp;sessionId=54b221185395dc047c38ef503e58aadfa8b93148&amp;siteScreenName=el_telegrafo&amp;theme=light&amp;widgetsVersion=2615f7e52b7e0%3A1702314776716&amp;width=550px\" frameborder=\"0\" scrolling=\"no\" allowfullscreen=\"allowfullscreen\" data-tweet-id=\"1806471731227340912\"><\/iframe><\/div>\n<p><script src=\"https:\/\/platform.twitter.com\/widgets.js\"><\/script><\/p>\n<\/div>\n<p><a href=\"https:\/\/www.eltelegrafo.com.ec\/noticias\/politica\/44\/cristian-espinoza-fue-nombrado-embajador-de-ecuador-en-estados-unidos\">https:\/\/www.eltelegrafo.com.ec\/noticias\/politica\/44\/cristian-espinoza-fue-nombrado-embajador-de-ecuador-en-estados-unidos<\/a><\/p>\n","protected":false},"excerpt":{"rendered":"<p>El Gobierno Nacional confirm\u00f3 este jueves 27 de junio de 2024 a Cristian Espinosa Ca\u00f1izares como Embajador Extraordinario y Plenipotenciario de Ecuador en Estados Unidos. El diplom\u00e1tico de carrera reemplazar\u00e1 en el cargo a Ivonne Baki. Espinosa trabaja para el servicio exterior de Ecuador desde 1987, como especialista en multilateralismo, comercio internacional y negociaciones comerciales. En su trayectoria ha sido representante permanente de Ecuador ante las Naciones Unidas, en Nueva York. Adem\u00e1s, ha\u00a0ocupado, en Canciller\u00eda, los cargos de viceministro de Relaciones Exteriores, director de Relacionamiento Interinstitucional y encargado de la Secci\u00f3n Econ\u00f3mica. Tambi\u00e9n fue director metropolitano de Relaciones Internacionales en el Municipio de Quito. En Ecuador, el Embajador fue presidente\u00a0del Consejo de C\u00e1maras y Asociaciones de la Producci\u00f3n del Ecuador y director ejecutivo de la C\u00e1mara de Comercio Ecuatoriana Americana. Fue director general de la Comunidad Andina y viceministro de Comercio Exterior e Integraci\u00f3n, encargado de las negociaciones comerciales del Ecuador. Espinoza tiene una maestr\u00eda en Administraci\u00f3n\u00a0P\u00fablica por la Kennedy School of Government de la Universidad de Harvard y tiene una licenciatura y maestr\u00eda (BA\/MA) en Filosof\u00eda y Econom\u00eda por la Universidad de Boston. El Gobierno de Joe Biden otorg\u00f3 la aceptaci\u00f3n y benepl\u00e1cito al nuevo Embajador, que empezar\u00e1 a ejercer sus funciones desde la sede diplom\u00e1tica de Ecuador en Washington. https:\/\/www.eltelegrafo.com.ec\/noticias\/politica\/44\/cristian-espinoza-fue-nombrado-embajador-de-ecuador-en-estados-unidos<\/p>\n","protected":false},"author":1,"featured_media":263469,"comment_status":"closed","ping_status":"closed","sticky":false,"template":"","format":"standard","meta":[],"categories":[40,23],"tags":[],"_links":{"self":[{"href":"https:\/\/www.ecuadortimes.net\/es\/wp-json\/wp\/v2\/posts\/263468"}],"collection":[{"href":"https:\/\/www.ecuadortimes.net\/es\/wp-json\/wp\/v2\/posts"}],"about":[{"href":"https:\/\/www.ecuadortimes.net\/es\/wp-json\/wp\/v2\/types\/post"}],"author":[{"embeddable":true,"href":"https:\/\/www.ecuadortimes.net\/es\/wp-json\/wp\/v2\/users\/1"}],"replies":[{"embeddable":true,"href":"https:\/\/www.ecuadortimes.net\/es\/wp-json\/wp\/v2\/comments?post=263468"}],"version-history":[{"count":1,"href":"https:\/\/www.ecuadortimes.net\/es\/wp-json\/wp\/v2\/posts\/263468\/revisions"}],"predecessor-version":[{"id":263470,"href":"https:\/\/www.ecuadortimes.net\/es\/wp-json\/wp\/v2\/posts\/263468\/revisions\/263470"}],"wp:featuredmedia":[{"embeddable":true,"href":"https:\/\/www.ecuadortimes.net\/es\/wp-json\/wp\/v2\/media\/263469"}],"wp:attachment":[{"href":"https:\/\/www.ecuadortimes.net\/es\/wp-json\/wp\/v2\/media?parent=263468"}],"wp:term":[{"taxonomy":"category","embeddable":true,"href":"https:\/\/www.ecuadortimes.net\/es\/wp-json\/wp\/v2\/categories?post=263468"},{"taxonomy":"post_tag","embeddable":true,"href":"https:\/\/www.ecuadortimes.net\/es\/wp-json\/wp\/v2\/tags?post=263468"}],"curies":[{"name":"wp","href":"https:\/\/api.w.org\/{rel}","templated":true}]}}